{"id":1368,"date":"2022-03-03T11:10:01","date_gmt":"2022-03-03T10:10:01","guid":{"rendered":"https:\/\/affordablehousingactivation.org\/?p=1368"},"modified":"2022-03-20T10:52:02","modified_gmt":"2022-03-20T09:52:02","slug":"1368","status":"publish","type":"post","link":"https:\/\/affordablehousingactivation.org\/es\/1368\/","title":{"rendered":"Paul Karakusevic, Joan Clos, Sergio Magalhaes, Sara Topelson, Lluiz de Mello, y Martha Thorne, primeros ponentes confirmados del Foro Internacional UIA 2022"},"content":{"rendered":"<ul>\n<li><strong>Salen a la venta las entradas para asistir al Foro Internacional UIA 2022 \u2018Affordable Housing Activation: Removing Barriers\u2019 que se celebrar\u00e1 en Madrid, del 18 al 20 de mayo<\/strong><\/li>\n<\/ul>\n<ul>\n<li><strong>M\u00e1s de 60 ponentes de referencia internacional reflexionar\u00e1n en torno a la accesibilidad de la vivienda, convirtiendo Madrid en el epicentro del debate mundial<\/strong> <strong>con el fin de avanzar hacia una Declaraci\u00f3n multilateral.<\/strong><\/li>\n<\/ul>\n<ul>\n<li><strong>El congreso promueve un marco de trabajo colaborativo e innovador que activa la primera plataforma global de contenidos, datos y casos de \u00e9xito en torno a la vivienda (<\/strong><a href=\"https:\/\/affordablehousingactivation.org\"><strong>ahamadrid.com<\/strong><\/a><strong>) promovidos por actores y organismos de referencia internacional y que contara con inteligencia artificial para la gesti\u00f3n de los contenidos y con atlas din\u00e1micos para la visualizaci\u00f3n de los datos<\/strong><\/li>\n<\/ul>\n<ul>\n<li><strong>El Foro Internacional UIA 2022 est\u00e1 impulsado por el CSCAE y cuenta con el aval del Gobierno de Espa\u00f1a, la Comunidad de Madrid, el Ayuntamiento de Madrid; la colaboraci\u00f3n de ONU-H\u00e1bitat; y el apoyo del COAM<\/strong><\/li>\n<\/ul>\n<p><strong>Madrid, 2 de marzo de 2022<\/strong>. El Foro Internacional UIA 2022 \u2018Affordable Housing Activation: Removing Barriers\u2019 confirma los primeros ponentes el d\u00eda que salen a venta las entradas, que pueden ser adquiridas a trav\u00e9s de <a href=\"https:\/\/affordablehousingactivation.org\">www.ahamadrid.com<\/a>. M\u00e1s de 60 expertos de referencia internacional de la talla de Joan Clos, Paul Karakusevic, Lluis de Mello, Sergio Magalhaes, Sara Topelson, Martha Thorne, Alfonso Vegara, In\u00e9s S\u00e1nchez de Madariaga, Richard Sennett o Reinhart Goethert reflexionar\u00e1n en torno a la accesibilidad de la vivienda del 18 al 20 de mayo en Madrid, convirtiendo la capital de Espa\u00f1a en el epicentro del debate mundial en torno a la vivienda digna y adecuada, con el fin de avanzar hacia una <u>Declaraci\u00f3n multilateral<\/u>.<\/p>\n<p><strong>Marta Vall-llossera, presidenta del CSCAE<\/strong>, entidad impulsora del Foro, ganadora de la candidatura frente a Arabia Saud\u00ed en 2019, ha destacado: \u201cLa participaci\u00f3n de los expertos m\u00e1s reputados del mundo en el Foro Internacional UIA 2022 servir\u00e1 para concienciar sobre el derecho a una vivienda digna y adecuada juntamente con la sostenibilidad medioambiental, econ\u00f3mica y social,\u00a0promoviendo para ello un marco de trabajo colaborativo e innovador. El Foro permitir\u00e1 a avanzar en la b\u00fasqueda de soluciones a este reto de forma conjunta\u201d<\/p>\n<p>Por otra parte<strong>, Angela Balldellou, directora ejecutiva del Foro AHA<\/strong>, ha se\u00f1alado: \u201cEl Foro internacional UIA 2022 es mucho m\u00e1s que un evento. Hemos evolucionado a un formato del siglo XXI que favorecer\u00e1 las sinergias y la cooperaci\u00f3n. Estamos generando la primera plataforma digital de contenidos vinculados con la accesibilidad a la vivienda a trav\u00e9s del impulso a la organizaci\u00f3n de eventos en todo el mundo y de la recopilaci\u00f3n y el an\u00e1lisis de casos de \u00e9xito y de bases de datos globales, oficiales y no oficiales, que permitir\u00e1n sentar las bases para buscar soluciones globales, compartir conocimiento y permitir lecturas para avanzar en las soluciones\u00a0\u00a0\u00a0 \u00a0a una de las grandes problem\u00e1ticas a la que nos enfrentamos en siglo XXI. Asumiendo adem\u00e1s, los compromisos para enfrentar el resto de crisis globales y simultaneas que deben formar parte de una estrategia integral\u201d.<\/p>\n<p><strong>El debate: las barreras que impiden el acceso a una vivienda digna<\/strong><\/p>\n<p>Madrid liderar\u00e1 el debate internacional para abordar la problem\u00e1tica global del acceso a la vivienda con la celebraci\u00f3n del Foro Internacional UIA 2022. Bajo el lema Affordable Housing Activation: Removing Barriers, el evento tiene como objetivo fomentar la colaboraci\u00f3n internacional, creando un marco de trabajo colaborativo, innovador, vanguardista y paradigm\u00e1tico que permitir\u00e1 compartir casos y visiones desde las perspectivas profesionales involucradas en todo el proceso del dise\u00f1o, de la financiaci\u00f3n, de la gesti\u00f3n y\u00a0 de la producci\u00f3n de la vivienda asequible y de las pol\u00edticas y regulaciones\u00a0 que la facilitan, analizar y sintetizar los datos globales y los desajustes a corregir para generar una oferta adecuada a la demanda, con el fin de determinar el estado actual del acceso a la vivienda e impulsar \u00a0posibles planes de acci\u00f3n a medio y largo plazo. Todo ello con una mirada inclusiva, diversa, anal\u00edtica, rigurosa y transversal.<\/p>\n<p>El Consejo Asesor del Foro, con m\u00e1s de 40 profesionales de los 5 continentes, presidido por Joan Clos, ha identificado las 6 principales barreras que impiden el acceso a una vivienda asequible, digna, y adecuada. Estas 6 barreras argumentadas con antecedentes internacionales en un <u>documento de Referencia<\/u> estructuran el programa de Madrid y los temas en torno a los que se concentrar\u00e1 la informaci\u00f3n y las herramientas de la plataforma web.<\/p>\n<p>Las 6 barreras sintetizan las claves para hacer efectivo este derecho universal que requiere el consenso de actores diversos y un esfuerzo colectivo y complejo, por ello AHA representan una llamada a la acci\u00f3n y quiere poner en marcha un movimiento global, con capacidad para involucrar a la sociedad ante el gran desaf\u00edo que la vivienda representa, asumiendo que las acciones concretas tendr\u00e1n que resolverse e implementarse a\u00a0 escala local, pero que el conocimiento global puede facilitar soluciones que ya han demostrado su eficacia en otros contextos.<\/p>\n<p><strong>La primera plataforma global de contenidos vinculados con la accesibilidad a la vivienda<\/strong><\/p>\n<p>El Foro Internacional UIA 2022 ser\u00e1 un evento de m\u00e1ximo impacto internacional cuyo objetivo es contribuir a mejorar el acceso a una vivienda asequible, digna y adecuada en todo el mundo, a trav\u00e9s de la generaci\u00f3n de redes y alianzas globales que promuevan el conocimiento compartido. Para ello, el Foro cuenta con la primera plataforma global de contenidos vinculados con la accesibilidad a la vivienda en la que participan expertos\/as internacionales del \u00e1mbito de la arquitectura, la gobernanza, la energ\u00eda, la ingenier\u00eda, la econom\u00eda, el urbanismo, el medio ambiente, la sociolog\u00eda, el dise\u00f1o, la tecnolog\u00eda y la innovaci\u00f3n.<\/p>\n<p>La p\u00e1gina web <a href=\"https:\/\/affordablehousingactivation.org\">www.ahamadrid.com<\/a> servir\u00e1 de plataforma donde compartir casos ejemplares y las visiones espec\u00edficas desde el an\u00e1lisis de las barreras que dificultan el acceso a la vivienda. En este sentido, se plantear\u00e1n soluciones y miradas integrales capaces de \u201ccoser\u201d las barreras desde la arquitectura y el urbanismo, e involucrando a todos los agentes con capacidad para marcar l\u00edneas de actuaci\u00f3n a largo plazo, en torno a un futuro acuerdo internacional con el m\u00e1ximo respaldo de organizaciones, gobiernos, entidades e instituciones; capaz de concentrar y consensuar las claves m\u00ednimas de habitabilidad de la mano de la sostenibilidad.<\/p>\n<p><strong>Sobre la Uni\u00f3n Internacional de Arquitectos (UIA)<\/strong><\/p>\n<p>La UIA surge como una federaci\u00f3n de organizaciones\u00a0en\u00a0Lausanne, Suiza, en 1948. Actualmente, cuenta con 104 secciones miembro, que representan a 115 pa\u00edses y a m\u00e1s de 1.500.000 de arquitectos\/as a nivel mundial, lo que la convierte en la\u00a0organizaci\u00f3n\u00a0internacional con mayor capacidad de influencia global\u00a0en Arquitectura y una de las m\u00e1s influyentes en cuestiones urbanas,\u00a0de dise\u00f1o o de\u00a0patrimonio, vinculando toda su actividad y sus compromisos con las agendas internacionales y la sostenibilidad. Los foros UIA nacen para generar encuentros en torno a los grandes desaf\u00edos a los que tiene que hacer frente la profesi\u00f3n y para vincular la arquitectura con otras disciplinas y miradas en la resoluci\u00f3n de retos comunes. Para m\u00e1s informaci\u00f3n <a href=\"http:\/\/www.uia-architectes.org\" target=\"_blank\" rel=\"noopener\">www.uia-architectes.org<\/a><\/p>\n<p><strong>Sobre el CSCAE<\/strong><\/p>\n<p>Creado en 1931, el CSCAE es el organismo que re\u00fane a todos los colegios de arquitectos de Espa\u00f1a para la defensa de la Arquitectura y la consecuci\u00f3n de los fines de inter\u00e9s com\u00fan general. Representa a los colegios y a los m\u00e1s de 47.000 profesionales que ejercen la Arquitectura de forma colegiada en nuestro pa\u00eds ante las corporaciones p\u00fablicas y privadas y ante los organismos internacionales.<\/p>\n<p>Para m\u00e1s informaci\u00f3n <a href=\"http:\/\/www.cscae.com\" target=\"_blank\" rel=\"noopener\">www.cscae.com<\/a><\/p>\n<p>&nbsp;<\/p>\n<p><strong>CONTACTO PRENSA<\/strong><\/p>\n<p><strong>Hill &amp; Knowlton<br \/>\n<\/strong>Francesc Casas<br \/>\n<a href=\"mailto:francesc.casas@hkstrategies.com\">francesc.casas@hkstrategies.com<\/a><br \/>\n696452005<\/p>\n<p><strong>CSCAE<br \/>\n<\/strong><a href=\"mailto:directoracomunicacion@CSCAE.com\">directoracomunicacion@CSCAE.com<\/a><br \/>\n<a href=\"mailto:comunicacion@cscae.com\">comunicacion@cscae.com<\/a><\/p>\n","protected":false},"excerpt":{"rendered":"<p>Salen a la venta las entradas para asistir al Foro Internacional UIA 2022 \u2018Affordable Housing Activation: Removing Barriers\u2019 que se celebrar\u00e1 en Madrid, del 18 al 20 de mayo M\u00e1s [&hellip;]<\/p>\n","protected":false},"author":4,"featured_media":1830,"comment_status":"closed","ping_status":"closed","sticky":false,"template":"","format":"standard","meta":{"_price":"","_stock":"","_tribe_ticket_header":"","_tribe_default_ticket_provider":"","_tribe_ticket_capacity":"0","_ticket_start_date":"","_ticket_end_date":"","_tribe_ticket_show_description":"","_tribe_ticket_show_not_going":false,"_tribe_ticket_use_global_stock":"","_tribe_ticket_global_stock_level":"","_global_stock_mode":"","_global_stock_cap":"","_tribe_rsvp_for_event":"","_tribe_ticket_going_count":"","_tribe_ticket_not_going_count":"","_tribe_tickets_list":[],"_tribe_ticket_has_attendee_info_fields":false},"categories":[45],"tags":[],"barrera":[],"pais":[],"acf":[],"_links":{"self":[{"href":"https:\/\/affordablehousingactivation.org\/es\/wp-json\/wp\/v2\/posts\/1368"}],"collection":[{"href":"https:\/\/affordablehousingactivation.org\/es\/wp-json\/wp\/v2\/posts"}],"about":[{"href":"https:\/\/affordablehousingactivation.org\/es\/wp-json\/wp\/v2\/types\/post"}],"author":[{"embeddable":true,"href":"https:\/\/affordablehousingactivation.org\/es\/wp-json\/wp\/v2\/users\/4"}],"replies":[{"embeddable":true,"href":"https:\/\/affordablehousingactivation.org\/es\/wp-json\/wp\/v2\/comments?post=1368"}],"version-history":[{"count":2,"href":"https:\/\/affordablehousingactivation.org\/es\/wp-json\/wp\/v2\/posts\/1368\/revisions"}],"predecessor-version":[{"id":1370,"href":"https:\/\/affordablehousingactivation.org\/es\/wp-json\/wp\/v2\/posts\/1368\/revisions\/1370"}],"wp:featuredmedia":[{"embeddable":true,"href":"https:\/\/affordablehousingactivation.org\/es\/wp-json\/wp\/v2\/media\/1830"}],"wp:attachment":[{"href":"https:\/\/affordablehousingactivation.org\/es\/wp-json\/wp\/v2\/media?parent=1368"}],"wp:term":[{"taxonomy":"category","embeddable":true,"href":"https:\/\/affordablehousingactivation.org\/es\/wp-json\/wp\/v2\/categories?post=1368"},{"taxonomy":"post_tag","embeddable":true,"href":"https:\/\/affordablehousingactivation.org\/es\/wp-json\/wp\/v2\/tags?post=1368"},{"taxonomy":"barrera","embeddable":true,"href":"https:\/\/affordablehousingactivation.org\/es\/wp-json\/wp\/v2\/barrera?post=1368"},{"taxonomy":"pais","embeddable":true,"href":"https:\/\/affordablehousingactivation.org\/es\/wp-json\/wp\/v2\/pais?post=1368"}],"curies":[{"name":"wp","href":"https:\/\/api.w.org\/{rel}","templated":true}]}}