{"id":2066,"date":"2022-03-11T18:25:24","date_gmt":"2022-03-11T17:25:24","guid":{"rendered":"https:\/\/affordablehousingactivation.org\/?p=2066"},"modified":"2022-04-06T13:43:21","modified_gmt":"2022-04-06T11:43:21","slug":"invertia-entrevista-a-angela-baldellou-directora-ejecutiva-del-foro-internacional-uia-2022","status":"publish","type":"post","link":"https:\/\/affordablehousingactivation.org\/es\/invertia-entrevista-a-angela-baldellou-directora-ejecutiva-del-foro-internacional-uia-2022\/","title":{"rendered":"Invertia entrevista a \u00c1ngela Baldellou, directora ejecutiva del Foro Internacional UIA 2022"},"content":{"rendered":"<p>Invertia, el Diario Econ\u00f3mico de El Espa\u00f1ol, entrevista a \u00c1ngela Baldellou para conocer m\u00e1s acerca del Foro Internacional UIA 2022, que convertir\u00e1 Madrid en la capital mundial de la vivienda accesible.<\/p>\n<p>Puedes leer la entrevista\u00a0<a href=\"https:\/\/www.elespanol.com\/invertia\/observatorios\/vivienda\/20220311\/nace-primera-enciclopedia-universal-soluciones-ia-vivienda\/656184699_0.html\" target=\"_blank\" rel=\"noopener noreferrer\">aqu\u00ed<\/a>.<\/p>\n","protected":false},"excerpt":{"rendered":"<p>Invertia, el Diario Econ\u00f3mico de El Espa\u00f1ol, entrevista a \u00c1ngela Baldellou para conocer m\u00e1s acerca del Foro Internacional UIA 2022, que convertir\u00e1 Madrid en la capital mundial de la vivienda [&hellip;]<\/p>\n","protected":false},"author":11,"featured_media":2093,"comment_status":"closed","ping_status":"closed","sticky":false,"template":"","format":"standard","meta":{"_price":"","_stock":"","_tribe_ticket_header":"","_tribe_default_ticket_provider":"","_tribe_ticket_capacity":"0","_ticket_start_date":"","_ticket_end_date":"","_tribe_ticket_show_description":"","_tribe_ticket_show_not_going":false,"_tribe_ticket_use_global_stock":"","_tribe_ticket_global_stock_level":"","_global_stock_mode":"","_global_stock_cap":"","_tribe_rsvp_for_event":"","_tribe_ticket_going_count":"","_tribe_ticket_not_going_count":"","_tribe_tickets_list":[],"_tribe_ticket_has_attendee_info_fields":false},"categories":[45],"tags":[],"barrera":[],"pais":[],"acf":[],"_links":{"self":[{"href":"https:\/\/affordablehousingactivation.org\/es\/wp-json\/wp\/v2\/posts\/2066"}],"collection":[{"href":"https:\/\/affordablehousingactivation.org\/es\/wp-json\/wp\/v2\/posts"}],"about":[{"href":"https:\/\/affordablehousingactivation.org\/es\/wp-json\/wp\/v2\/types\/post"}],"author":[{"embeddable":true,"href":"https:\/\/affordablehousingactivation.org\/es\/wp-json\/wp\/v2\/users\/11"}],"replies":[{"embeddable":true,"href":"https:\/\/affordablehousingactivation.org\/es\/wp-json\/wp\/v2\/comments?post=2066"}],"version-history":[{"count":6,"href":"https:\/\/affordablehousingactivation.org\/es\/wp-json\/wp\/v2\/posts\/2066\/revisions"}],"predecessor-version":[{"id":4880,"href":"https:\/\/affordablehousingactivation.org\/es\/wp-json\/wp\/v2\/posts\/2066\/revisions\/4880"}],"wp:featuredmedia":[{"embeddable":true,"href":"https:\/\/affordablehousingactivation.org\/es\/wp-json\/wp\/v2\/media\/2093"}],"wp:attachment":[{"href":"https:\/\/affordablehousingactivation.org\/es\/wp-json\/wp\/v2\/media?parent=2066"}],"wp:term":[{"taxonomy":"category","embeddable":true,"href":"https:\/\/affordablehousingactivation.org\/es\/wp-json\/wp\/v2\/categories?post=2066"},{"taxonomy":"post_tag","embeddable":true,"href":"https:\/\/affordablehousingactivation.org\/es\/wp-json\/wp\/v2\/tags?post=2066"},{"taxonomy":"barrera","embeddable":true,"href":"https:\/\/affordablehousingactivation.org\/es\/wp-json\/wp\/v2\/barrera?post=2066"},{"taxonomy":"pais","embeddable":true,"href":"https:\/\/affordablehousingactivation.org\/es\/wp-json\/wp\/v2\/pais?post=2066"}],"curies":[{"name":"wp","href":"https:\/\/api.w.org\/{rel}","templated":true}]}}