{"id":292,"date":"2021-12-28T17:45:10","date_gmt":"2021-12-28T16:45:10","guid":{"rendered":"https:\/\/affordablehousingactivation.org\/?p=292"},"modified":"2022-03-20T10:57:04","modified_gmt":"2022-03-20T09:57:04","slug":"presentacion-institucional-del-foro-internacional-uia-2022","status":"publish","type":"post","link":"https:\/\/affordablehousingactivation.org\/es\/presentacion-institucional-del-foro-internacional-uia-2022\/","title":{"rendered":"Presentaci\u00f3n Institucional del Foro Internacional UIA 2022"},"content":{"rendered":"<p><span style=\"text-decoration: underline;\">Bajo el lema \u2018AFFORDABLE HOUSING ACTIVATION: REMOVING BARRIERS\u2019<\/span><\/p>\n<p><strong>LOS ARQUITECTOS PROMUEVEN EL DEBATE GLOBAL SOBRE EL ACCESO A UNA VIVIENDA DIGNA Y ADECUADA EN EL FORO INTERNACIONAL UIA MADRID 2022<\/strong><\/p>\n<p>\u25aa La Uni\u00f3n Internacional de Arquitectos (UIA), el Consejo Superior de Arquitectos de Espa\u00f1a (CSCAE) y el Colegio Oficial de Arquitectos de Madrid (COAM), con la colaboraci\u00f3n UN-H\u00e1bitat y el respaldo del Ministerio de Transportes, Movilidad y Agenda Urbana, la Comunidad de Madrid y el Ayuntamiento; organizan el Foro Internacional UIA Affordable Housing Activation: Removing Barriers (AHA Madrid 2022)<\/p>\n<p>\u25aa A partir de enero, el Foro Internacional UIA 2022 Affordable Housing Activation: Removing Barriers promover\u00e1 un marco de trabajo colaborativo e innovador que activar\u00e1 a actores a nivel internacional con eventos paralelos y concluir\u00e1 con la celebraci\u00f3n del Foro en Madrid, del 18 al 20 de mayo<\/p>\n<p>\u25aa Expertos\/as internacionales en arquitectura, ingenier\u00eda, econom\u00eda, urbanismo, medioambiente, sociolog\u00eda, dise\u00f1o y arte analizar\u00e1n las barreras que impiden el acceso a la vivienda desde una mirada transversal, identificando casos de \u00e9xito que permitan avanzar en las soluciones<\/p>\n<p>\u25aa El Foro tendr\u00e1 formato h\u00edbrido: presencial, con una fuerte apuesta experiencial; y virtual, a trav\u00e9s de la p\u00e1gina web del Foro <a href=\"https:\/\/affordablehousingactivation.org\/\">www.ahamadrid.com<\/a><\/p>\n<p>Madrid, 14 de diciembre de 2021. Madrid liderar\u00e1 el debate internacional para abordar la problem\u00e1tica global del acceso a la vivienda con la celebraci\u00f3n del Foro Internacional UIA 2022.<br \/>\nBajo el lema <em>Affordable Housing Activation: Removing Barriers (AHA Madrid 2022)<\/em>, el evento tiene como objetivo fomentar la coordinaci\u00f3n internacional, creando un marco de trabajo<br \/>\ncolaborativo, innovador, vanguardista y paradigm\u00e1tico que permitir\u00e1 analizar y sintetizar propuestas con el fin de determinar el estado actual del acceso a la vivienda y posibles l\u00edneas de<br \/>\nactuaci\u00f3n a medio y largo plazo. Todo ello con una mirada inclusiva, anal\u00edtica, rigurosa y transversal.<\/p>\n<p>El Foro Internacional UIA 2022 se activar\u00e1 a partir del pr\u00f3ximo mes de enero, mediante el impulso de la celebraci\u00f3n de actividades paralelas en todo el mundo, y culminar\u00e1, en Madrid, del 18 al 20 de mayo en una cita que reunir\u00e1 a expertos\/as internacionales del \u00e1mbito de la arquitectura, la ingenier\u00eda, la econom\u00eda, el urbanismo, el medio ambiente, la sociolog\u00eda, el dise\u00f1o y el arte. Promovido por la Uni\u00f3n Internacional de Arquitectos (UIA), el Consejo Superior de los Colegios de Arquitectos de Espa\u00f1a (CSCAE) y el Colegio Oficial de Arquitectos de Madrid (COAM), cuenta con el respaldo del Gobierno, a trav\u00e9s del Ministerio de Transportes, Movilidad y Agenda Urbana; la Comunidad de Madrid y el Ayuntamiento, y la colaboraci\u00f3n de UN-H\u00e1bitat.<\/p>\n<p>La presentaci\u00f3n oficial del Foro Internacional UIA 2022 <em>Affordable Housing Activation: Removing Barriers<\/em> se ha celebrado esta ma\u00f1ana en un acto que ha sido inaugurado por I\u00f1aqui Carnicero, Director general de Agenda Urbana y Arquitectura; y en el que han participado: Jos\u00e9 Mar\u00eda Garc\u00eda G\u00f3mez, viceconsejero de Vivienda de la Comunidad de Madrid; \u00c1lvaro Gonz\u00e1lez L\u00f3pez, concejal del \u00e1rea delegada de Vivienda del Ayuntamiento de Madrid; Maimunah Mohd Sharif, directora ejecutiva de UN-H\u00e1bitat; Robert Lewis-Lettington, Chief, Land, Housing and Shelter Section. Secretary, Global Land Tool Network en UN-H\u00e1bitat; Carmen S\u00e1nchez Miranda, jefa de la Oficina de UN-H\u00e1bitat en Espa\u00f1a; Jos\u00e9 Luis Cort\u00e9s, presidente de la UIA; Llu\u00eds Comer\u00f3n, presidente del CSCAE; Sigfrido Herr\u00e1ez, decano del COAM; y Joan Clos, presidente del Consejo Asesor del <em>Affordable Housing Activation<\/em> y exdirector ejecutivo de UN-H\u00e1bitat.<\/p>\n<p>La <strong>directora ejecutiva de UN-H\u00e1bitat<\/strong>, Maimunah Mohd Sharif, ha participado en el acto de presentaci\u00f3n del Foro Internacional UIA 2022 a trav\u00e9s de un video previamente grabado. Ha destacado: \u201cAbordar los desaf\u00edos de la pandemia del COVID-19, la emergencia clim\u00e1tica y de la vivienda, requerir\u00e1 un nuevo contrato social, basado en el acceso a una vivienda adecuada para todos, y sobre las intervenciones gubernamentales para respetar, proteger y cumplir este derecho fundamental. Lograr el derecho a una vivienda adecuada para todos debe reconocerse en \u00faltima instancia como una responsabilidad compartida, que tambi\u00e9n incluye a arquitectos y profesionales. Su funci\u00f3n es fundamental para desarrollar soluciones sostenibles y asequibles que puedan ser escalables para la producci\u00f3n de viviendas de calidad y la rehabilitaci\u00f3n de los edificios existentes poniendo a las personas en el centro del proceso\u201d.<\/p>\n<p>En cuanto a las autoridades I\u00f1aqui Carnicero, <strong>director general de Agenda Urbana y Arquitectura<\/strong>: \u201cEl Foro permitir\u00e1 situar a Espa\u00f1a en el centro del debate en torno a algo tan importante como el derecho a una vivienda digna y accesible, sirviendo de motor para el desarrollo de una<br \/>\narquitectura de calidad y sostenible que garantice el bienestar de la ciudadan\u00eda. Debemos trabajar para alcanzar un conocimiento de las barreras que impiden el acceso a la vivienda para identificar aquellos patrones que se repiten, as\u00ed como las iniciativas que est\u00e1n funcionando y que puedan ser replicables a otros territorios\u201d.<\/p>\n<p>Por su parte, Jos\u00e9 Mar\u00eda Garc\u00eda G\u00f3mez, <strong>viceconsejero de Vivienda de la Comunidad de Madrid <\/strong>ha querido poner en valor: \u201cEs una oportunidad que las autoridades pertinentes hayan pensado en Madrid para la celebraci\u00f3n del Foro UIA 2022. La arquitectura enfocada en el bien com\u00fan es capaz de hacer un producto de calidad para la vivienda protegida que desarrollamos en la capital. En esta jornada mundial de la arquitectura habr\u00e1 debate y reflexi\u00f3n y tambi\u00e9n se debe fomentar la colaboraci\u00f3n p\u00fablica-privada como elemento dinamizador de esta respuesta a las necesidades de los ciudadanos, para que retorne en el conjunto de la sociedad\u201d.<\/p>\n<p>En cuanto a \u00c1lvaro Gonz\u00e1lez L\u00f3pez, <strong>concejal del \u00e1rea delegada de Vivienda del Ayuntamiento <\/strong>de Madrid, ha explicado: \u201cLa organizaci\u00f3n del Foro en mayo de 2022, contribuir\u00e1 a que Madrid se convierta en la ciudad de referencia ante los grandes desaf\u00edos y retos comunes a los que nos<br \/>\nenfrentamos. Una elecci\u00f3n que sit\u00faa a la capital en el centro del an\u00e1lisis del derecho a la vivienda a nivel internacional\u201d.<\/p>\n<p>El <strong>presidente del CSCAE<\/strong> ha manifestado: \u201cEl acceso universal a una vivienda digna y adecuada juntamente con la sostenibilidad medioambiental, econ\u00f3mica y social son dos retos globales que se configuran claramente como nuestra misi\u00f3n como arquitectos. En un momento de cambio<br \/>\ncomo el actual, debemos impulsar la capacidad transformadora y el potencial de la arquitectura para contribuir el acceso a la vivienda digna y adecuada. Este Foro tiene que ser un instrumento para que los arquitectos y las administraciones adquiramos la responsabilidad consciente de que<br \/>\na trav\u00e9s de nuestros actos podemos transformar las cosas, y vamos a facilitar el acceso a la vivienda\u201d.<\/p>\n<p><strong>Un acto de presentaci\u00f3n con autoridades y expertos de primer nivel<\/strong><\/p>\n<p>La presentaci\u00f3n tambi\u00e9n ha contado con un breve di\u00e1logo entre el presidente de la UIA, el director del programa de las Naciones Unidas para los Asentamientos Humanos y el presidente del Consejo Asesor de Programaci\u00f3n del Foro Internacional UIA 2022 <em>Affordable Housing Activation: Removing Barriers<\/em> y exdirector ejecutivo de UN-H\u00e1bitat. En su intervenci\u00f3n, <strong>Jos\u00e9 Luis Cort\u00e9s ha destacado<\/strong> \u201cMadrid es el mejor lugar para debatir sobre la problem\u00e1tica del acceso a la vivienda. Un tema de naturaleza hol\u00edstica en el que no solo dependen los arquitectos, sino de todos los ciudadanos. La vivienda es lo que da sentido a nuestra existencia, quien no vive en un espacio habitable, no puede decir que viva bien en este planeta\u201d.<\/p>\n<p>Por su parte, <strong>Robert Lewis-Lettington<\/strong>, ha afirmado: \u201cLa brecha entre lo que la gente puede permitirse y lo que ofrece el mercado se ha visto agravada por el hecho de que, en muchas ciudades, los precios de la vivienda han aumentado mucho m\u00e1s r\u00e1pido que los ingresos. Por este motivo, para que una vivienda adecuada sea un derecho y no un privilegio, es claramente esencial la intervenci\u00f3n p\u00fablica. Esto deber\u00eda comenzar con estrategias de vivienda a nivel municipal y regional que consideren todo el espectro de necesidades de vivienda seg\u00fan las proyecciones de tama\u00f1o y estructura de la poblaci\u00f3n\u201d.<\/p>\n<p>Por \u00faltimo, <strong>Joan Clos<\/strong>, ha manifestado: \u201cEn Espa\u00f1a hemos avanzado much\u00edsimo en materia de accesibilidad de la vivienda, sin embargo, todav\u00eda queda trabajo por delante. Ahora, con este foro, vamos a cualificar la conversaci\u00f3n; vamos a tener la ambici\u00f3n necesaria para hacer las cosas bien\u201d.<\/p>\n<p><strong>Un formato innovador y abierto al mundo<\/strong><\/p>\n<p>El Foro Internacional UIA 2022 \u2018Affordable Housing Activation Forum: Removing Barriers\u2019 se celebrar\u00e1 en un formato h\u00edbrido: presencial con una fuerte apuesta experiencial; y virtual, difundido trav\u00e9s de la p\u00e1gina web del Foro (<a href=\"https:\/\/affordablehousingactivation.org\/\" target=\"_blank\" rel=\"noopener\">www.ahamadrid.com<\/a>). Adem\u00e1s, se promover\u00e1n tanto la inclusi\u00f3n bajo el paraguas AHA de actividades ya programadas, como de nuevas propuestas de eventos paralelos, en todo el mundo, con miradas espec\u00edficas sobre el acceso a la vivienda, que complementen y sumen valor al contenido del foro.<\/p>\n<p>Este sumatorio de actosinvolucrar\u00e1n, a nivel global en el debate, a todos los agentes que quieran ser parte de este movimiento y quieran contribuir a recopilar, compartir, difundir y sintetizar conocimiento y buenas pr\u00e1cticas \u201cRemoving Barriers\u201d desde enero hasta mayo de 2022, con el objetivo de generar un modelo colaborativo de actuaci\u00f3n con car\u00e1cter de permanencia.<\/p>\n<p><strong>Un evento con amplio respaldo institucional<\/strong><\/p>\n<p>En la Asamblea General de la Uni\u00f3n Internacional de Arquitectos (UIA), celebrada en el Foro de Bak\u00fa el 11 de junio de 2019, se aprob\u00f3 por amplia mayor\u00eda la elecci\u00f3n de Madrid para la organizaci\u00f3n del Foro Internacional UIA 2022 sobre acceso a la vivienda. La candidatura culmin\u00f3 con \u00e9xito gracias al amplio respaldo institucional del proyecto, que cuenta con el aval del Gobierno de Espa\u00f1a, a trav\u00e9s del Ministerio de Transportes, Movilidad y Agenda Urbana, la Comunidad de Madrid y el Ayuntamiento de Madrid y la colaboraci\u00f3n de UN-H\u00e1bitat.<\/p>\n<p>El apoyo de la estructura profesional en Madrid est\u00e1 garantizado a trav\u00e9s del COAM y el del sector de la edificaci\u00f3n por el Observatorio 2030 del CSCAE, que re\u00fane a todos los agentes implicados en Espa\u00f1a en el dise\u00f1o de las ciudades.<\/p>\n<p><strong>Sobre la Uni\u00f3n Internacional de Arquitectos (UIA)<\/strong><\/p>\n<p>La UIA surge como una federaci\u00f3n de organizaciones en Lausanne, Suiza, en 1948. Actualmente, cuenta con 104 secciones miembro, que representan a 115 pa\u00edses y a m\u00e1s de 1.500.000 de arquitectos\/as a nivel mundial, lo que la convierte en la organizaci\u00f3n internacional con mayor capacidad de influencia global en Arquitectura y una de las m\u00e1s influyentes en cuestiones urbanas, de dise\u00f1o o de patrimonio, vinculando toda su actividad y sus compromisos con las agendas internacionales y la sostenibilidad. Los foros UIA nacen para generar encuentros en torno a los grandes desaf\u00edos a los que tiene que hacer frente la profesi\u00f3n y para vincular la arquitectura con otras disciplinas y miradas en la resoluci\u00f3n de retos comunes.<\/p>\n<p>Para m\u00e1s informaci\u00f3n <a href=\"http:\/\/www.uia-architectes.org\" target=\"_blank\" rel=\"noopener\">www.uia-architectes.org<\/a><\/p>\n<p><strong>Sobre el CSCAE<\/strong><\/p>\n<p>Creado en 1931, el CSCAE es el organismo que re\u00fane a todos los colegios de arquitectos de Espa\u00f1a para la defensa de la Arquitectura y la consecuci\u00f3n de los fines de inter\u00e9s com\u00fan general. Representa a los colegios y a los m\u00e1s de 47.000 profesionales que ejercen la Arquitectura de forma colegiada en nuestro pa\u00eds ante las corporaciones p\u00fablicas y privadas y ante los organismos internacionales.<\/p>\n<p>Para m\u00e1s informaci\u00f3n <a href=\"http:\/\/www.cscae.com\" target=\"_blank\" rel=\"noopener\">www.cscae.com<\/a><\/p>\n<p><a href=\"https:\/\/affordablehousingactivation.org\/web\/app\/uploads\/2021\/12\/Presentacion-institucional-Foro-Internacional-UIA-2022.pdf\">M\u00e1s informaci\u00f3n<\/a><\/p>\n","protected":false},"excerpt":{"rendered":"<p>Los Arquitectos promueven el debate global sobre el acceso a una vivienda digna y adecuada en Madrid, en mayo de 2022.<\/p>\n","protected":false},"author":2,"featured_media":499,"comment_status":"closed","ping_status":"closed","sticky":false,"template":"","format":"standard","meta":{"_price":"","_stock":"","_tribe_ticket_header":"","_tribe_default_ticket_provider":"","_tribe_ticket_capacity":"0","_ticket_start_date":"","_ticket_end_date":"","_tribe_ticket_show_description":"","_tribe_ticket_show_not_going":false,"_tribe_ticket_use_global_stock":"","_tribe_ticket_global_stock_level":"","_global_stock_mode":"","_global_stock_cap":"","_tribe_rsvp_for_event":"","_tribe_ticket_going_count":"","_tribe_ticket_not_going_count":"","_tribe_tickets_list":[],"_tribe_ticket_has_attendee_info_fields":false},"categories":[15],"tags":[],"barrera":[],"pais":[],"acf":[],"_links":{"self":[{"href":"https:\/\/affordablehousingactivation.org\/es\/wp-json\/wp\/v2\/posts\/292"}],"collection":[{"href":"https:\/\/affordablehousingactivation.org\/es\/wp-json\/wp\/v2\/posts"}],"about":[{"href":"https:\/\/affordablehousingactivation.org\/es\/wp-json\/wp\/v2\/types\/post"}],"author":[{"embeddable":true,"href":"https:\/\/affordablehousingactivation.org\/es\/wp-json\/wp\/v2\/users\/2"}],"replies":[{"embeddable":true,"href":"https:\/\/affordablehousingactivation.org\/es\/wp-json\/wp\/v2\/comments?post=292"}],"version-history":[{"count":5,"href":"https:\/\/affordablehousingactivation.org\/es\/wp-json\/wp\/v2\/posts\/292\/revisions"}],"predecessor-version":[{"id":835,"href":"https:\/\/affordablehousingactivation.org\/es\/wp-json\/wp\/v2\/posts\/292\/revisions\/835"}],"wp:featuredmedia":[{"embeddable":true,"href":"https:\/\/affordablehousingactivation.org\/es\/wp-json\/wp\/v2\/media\/499"}],"wp:attachment":[{"href":"https:\/\/affordablehousingactivation.org\/es\/wp-json\/wp\/v2\/media?parent=292"}],"wp:term":[{"taxonomy":"category","embeddable":true,"href":"https:\/\/affordablehousingactivation.org\/es\/wp-json\/wp\/v2\/categories?post=292"},{"taxonomy":"post_tag","embeddable":true,"href":"https:\/\/affordablehousingactivation.org\/es\/wp-json\/wp\/v2\/tags?post=292"},{"taxonomy":"barrera","embeddable":true,"href":"https:\/\/affordablehousingactivation.org\/es\/wp-json\/wp\/v2\/barrera?post=292"},{"taxonomy":"pais","embeddable":true,"href":"https:\/\/affordablehousingactivation.org\/es\/wp-json\/wp\/v2\/pais?post=292"}],"curies":[{"name":"wp","href":"https:\/\/api.w.org\/{rel}","templated":true}]}}