{"id":31,"date":"2021-12-03T16:14:25","date_gmt":"2021-12-03T15:14:25","guid":{"rendered":"https:\/\/affordablehousingactivation.org\/?p=31"},"modified":"2022-03-20T10:54:16","modified_gmt":"2022-03-20T09:54:16","slug":"madrid-albergara-el-foro-de-la-union-internacional-de-arquitectos-en-2022","status":"publish","type":"post","link":"https:\/\/affordablehousingactivation.org\/es\/madrid-albergara-el-foro-de-la-union-internacional-de-arquitectos-en-2022\/","title":{"rendered":"Madrid albergar\u00e1 el Foro de la Uni\u00f3n Internacional de Arquitectos en 2022"},"content":{"rendered":"<p><a href=\"https:\/\/www.cscae.com\/index.php\/conoce-cscae\/sala-de-comunicacion\/5582-madrid-albergara-el-primer-foro-de-la-union-internacional-de-arquitectos-sobre-acceso-a-la-vivienda-en-2021\" target=\"_blank\" rel=\"noopener\">https:\/\/www.cscae.com\/index.php\/conoce-cscae\/sala-de-comunicacion\/5582-madrid-albergara-el-primer-foro-de-la-union-internacional-de-arquitectos-sobre-acceso-a-la-vivienda-en-2021<\/a><\/p>\n<p><strong>Madrid albergar\u00e1 el primer Foro de la Uni\u00f3n Internacional de Arquitectos sobre Acceso a la <\/strong><strong>vivienda en 2021<\/strong><\/p>\n<p>&#8211; La propuesta del Consejo Superior de los Colegios de Arquitectos de Espa\u00f1a (CSCAE) est\u00e1 avalada por el Ministerio de Fomento y el Ayuntamiento de Madrid<\/p>\n<p>&#8211; Se centra en facilitar el derecho a la vivienda a trav\u00e9s de la identificaci\u00f3n, an\u00e1lisis y clasificaci\u00f3n de las dificultades de acceso en todo el mundo y la propuesta de soluciones<\/p>\n<p>Madrid, 11 de junio de 2019. Madrid ser\u00e1 sede del primer Foro Internacional de Acceso a la Vivienda, de la Uni\u00f3n Internacional de Arquitectos (UIA), en 2021. La candidatura de Espa\u00f1a, presentada por el Consejo Superior de los Colegios de Arquitectos de Espa\u00f1a (CSCAE), con el apoyo del Ministerio de Fomento y el Ayuntamiento de Madrid y de personalidades, como el exdirector de ONU-H\u00e1bitat Joan Clos, se ha impuesto a la de Arabia Saud\u00ed en la Asamblea General de la UIA, celebrada en la<br \/>\ncapital de Azerbaiy\u00e1n, Bak\u00fa. Ha ganado con un 70% de los votos emitidos.<\/p>\n<p>La delegaci\u00f3n espa\u00f1ola ha estado encabezada por el presidente del CSCAE, Llu\u00eds Comeron, que, tras el triunfo de la candidatura espa\u00f1ola, ha valorado: \u00abEl Foro Internacional de Acceso a la Vivienda de la UIA reunir\u00e1 en Espa\u00f1a a los mejores expertos para analizar un problema que preocupa en todo el mundo, incluido nuestro pa\u00eds\u00bb.<\/p>\n<p>Sobre la base de que el acceso a la vivienda es un derecho y, sin embargo, se ha convertido en un problema de alcance global, la propuesta con la que el CSCAE ha convencido a los asamble\u00edstas de la UIA se centra en facilitar el cumplimiento de este derecho, que, en el caso de Espa\u00f1a, est\u00e1 recogido en el art\u00edculo 47 de la Constituci\u00f3n.<\/p>\n<p>Para ello, se propone una metodolog\u00eda que sirva, en primer lugar, para identificar, analizar y clasificar las principales dificultades de acceso a un techo digno y adecuado, reconocidas por organismos internacionales, como la ONU, y, con esos resultados y la localizaci\u00f3n de algunos casos de \u00e9xito en todo el mundo, plantear posibles soluciones a un desaf\u00edo de enorme complejidad.<\/p>\n<p>El I Foro Internacional de Acceso a la Vivienda de la UIA del a\u00f1o 2021 en Madrid tendr\u00e1 lugar en la sede del Colegio Oficial de Arquitectos de Madrid, un espacio de referencia, en pleno coraz\u00f3n de la capital de Espa\u00f1a, cuya modernidad y multifuncionalidad permiten la celebraci\u00f3n de una gran cantidad de eventos paralelos.<\/p>\n<p>De hecho, la propuesta espa\u00f1ola est\u00e1 planteada para garantizar la participaci\u00f3n de la ciudadan\u00eda, en su conjunto, a trav\u00e9s de la organizaci\u00f3n de talleres, exposiciones, conferencias y eventos paralelos, a los que tambi\u00e9n se sumar\u00e1n centros culturales y fundaciones.<\/p>\n<p><a href=\"https:\/\/affordablehousingactivation.org\/web\/app\/uploads\/2021\/12\/Noticia-1-Madrid-Gana-el-Foro_SP.pdf\" target=\"_blank\" rel=\"noopener\">M\u00e1s informaci\u00f3n<\/a><\/p>\n","protected":false},"excerpt":{"rendered":"<p>La candidatura de Madrid, impulsada por el CSCAE y avalada por el Gobierno, la Comunidad de Madrid y el Ayuntamiento de Madrid, se impone a la de Riad en la Asamblea General de la UIA en Bak\u00fa.<\/p>\n","protected":false},"author":2,"featured_media":451,"comment_status":"closed","ping_status":"closed","sticky":false,"template":"","format":"standard","meta":{"_price":"","_stock":"","_tribe_ticket_header":"","_tribe_default_ticket_provider":"","_tribe_ticket_capacity":"0","_ticket_start_date":"","_ticket_end_date":"","_tribe_ticket_show_description":"","_tribe_ticket_show_not_going":false,"_tribe_ticket_use_global_stock":"","_tribe_ticket_global_stock_level":"","_global_stock_mode":"","_global_stock_cap":"","_tribe_rsvp_for_event":"","_tribe_ticket_going_count":"","_tribe_ticket_not_going_count":"","_tribe_tickets_list":[],"_tribe_ticket_has_attendee_info_fields":false},"categories":[15],"tags":[],"barrera":[],"pais":[],"acf":[],"_links":{"self":[{"href":"https:\/\/affordablehousingactivation.org\/es\/wp-json\/wp\/v2\/posts\/31"}],"collection":[{"href":"https:\/\/affordablehousingactivation.org\/es\/wp-json\/wp\/v2\/posts"}],"about":[{"href":"https:\/\/affordablehousingactivation.org\/es\/wp-json\/wp\/v2\/types\/post"}],"author":[{"embeddable":true,"href":"https:\/\/affordablehousingactivation.org\/es\/wp-json\/wp\/v2\/users\/2"}],"replies":[{"embeddable":true,"href":"https:\/\/affordablehousingactivation.org\/es\/wp-json\/wp\/v2\/comments?post=31"}],"version-history":[{"count":5,"href":"https:\/\/affordablehousingactivation.org\/es\/wp-json\/wp\/v2\/posts\/31\/revisions"}],"predecessor-version":[{"id":830,"href":"https:\/\/affordablehousingactivation.org\/es\/wp-json\/wp\/v2\/posts\/31\/revisions\/830"}],"wp:featuredmedia":[{"embeddable":true,"href":"https:\/\/affordablehousingactivation.org\/es\/wp-json\/wp\/v2\/media\/451"}],"wp:attachment":[{"href":"https:\/\/affordablehousingactivation.org\/es\/wp-json\/wp\/v2\/media?parent=31"}],"wp:term":[{"taxonomy":"category","embeddable":true,"href":"https:\/\/affordablehousingactivation.org\/es\/wp-json\/wp\/v2\/categories?post=31"},{"taxonomy":"post_tag","embeddable":true,"href":"https:\/\/affordablehousingactivation.org\/es\/wp-json\/wp\/v2\/tags?post=31"},{"taxonomy":"barrera","embeddable":true,"href":"https:\/\/affordablehousingactivation.org\/es\/wp-json\/wp\/v2\/barrera?post=31"},{"taxonomy":"pais","embeddable":true,"href":"https:\/\/affordablehousingactivation.org\/es\/wp-json\/wp\/v2\/pais?post=31"}],"curies":[{"name":"wp","href":"https:\/\/api.w.org\/{rel}","templated":true}]}}