{"id":325,"date":"2022-01-05T15:25:41","date_gmt":"2022-01-05T14:25:41","guid":{"rendered":"https:\/\/affordablehousingactivation.org\/?p=325"},"modified":"2022-03-20T10:55:02","modified_gmt":"2022-03-20T09:55:02","slug":"jornada-interdisciplinar-de-accesibilidad-a-la-vivienda-en-turquia","status":"publish","type":"post","link":"https:\/\/affordablehousingactivation.org\/es\/jornada-interdisciplinar-de-accesibilidad-a-la-vivienda-en-turquia\/","title":{"rendered":"Jornada interdisciplinar de accesibilidad a la vivienda en Turqu\u00eda"},"content":{"rendered":"<p>La C\u00e1mara de Arquitectos de Estambul organiza un encuentro centrado en los problemas multidimensionales del \u00e1mbito de la vivienda el 5 y 6 de enero de 2022.<\/p>\n<p><a href=\"https:\/\/www.mimarist.tv\/\" target=\"_blank\" rel=\"noopener\">M\u00e1s informaci\u00f3n<\/a><\/p>\n","protected":false},"excerpt":{"rendered":"<p>La C\u00e1mara de Arquitectos de Estambul organiza un encuentro centrado en los problemas multidimensionales del \u00e1mbito de la vivienda el 5 y 6 de enero de 2022. M\u00e1s informaci\u00f3n<\/p>\n","protected":false},"author":2,"featured_media":506,"comment_status":"closed","ping_status":"closed","sticky":false,"template":"","format":"standard","meta":{"_price":"","_stock":"","_tribe_ticket_header":"","_tribe_default_ticket_provider":"","_tribe_ticket_capacity":"0","_ticket_start_date":"","_ticket_end_date":"","_tribe_ticket_show_description":"","_tribe_ticket_show_not_going":false,"_tribe_ticket_use_global_stock":"","_tribe_ticket_global_stock_level":"","_global_stock_mode":"","_global_stock_cap":"","_tribe_rsvp_for_event":"","_tribe_ticket_going_count":"","_tribe_ticket_not_going_count":"","_tribe_tickets_list":[],"_tribe_ticket_has_attendee_info_fields":false},"categories":[24],"tags":[],"barrera":[],"pais":[],"acf":[],"_links":{"self":[{"href":"https:\/\/affordablehousingactivation.org\/es\/wp-json\/wp\/v2\/posts\/325"}],"collection":[{"href":"https:\/\/affordablehousingactivation.org\/es\/wp-json\/wp\/v2\/posts"}],"about":[{"href":"https:\/\/affordablehousingactivation.org\/es\/wp-json\/wp\/v2\/types\/post"}],"author":[{"embeddable":true,"href":"https:\/\/affordablehousingactivation.org\/es\/wp-json\/wp\/v2\/users\/2"}],"replies":[{"embeddable":true,"href":"https:\/\/affordablehousingactivation.org\/es\/wp-json\/wp\/v2\/comments?post=325"}],"version-history":[{"count":3,"href":"https:\/\/affordablehousingactivation.org\/es\/wp-json\/wp\/v2\/posts\/325\/revisions"}],"predecessor-version":[{"id":812,"href":"https:\/\/affordablehousingactivation.org\/es\/wp-json\/wp\/v2\/posts\/325\/revisions\/812"}],"wp:featuredmedia":[{"embeddable":true,"href":"https:\/\/affordablehousingactivation.org\/es\/wp-json\/wp\/v2\/media\/506"}],"wp:attachment":[{"href":"https:\/\/affordablehousingactivation.org\/es\/wp-json\/wp\/v2\/media?parent=325"}],"wp:term":[{"taxonomy":"category","embeddable":true,"href":"https:\/\/affordablehousingactivation.org\/es\/wp-json\/wp\/v2\/categories?post=325"},{"taxonomy":"post_tag","embeddable":true,"href":"https:\/\/affordablehousingactivation.org\/es\/wp-json\/wp\/v2\/tags?post=325"},{"taxonomy":"barrera","embeddable":true,"href":"https:\/\/affordablehousingactivation.org\/es\/wp-json\/wp\/v2\/barrera?post=325"},{"taxonomy":"pais","embeddable":true,"href":"https:\/\/affordablehousingactivation.org\/es\/wp-json\/wp\/v2\/pais?post=325"}],"curies":[{"name":"wp","href":"https:\/\/api.w.org\/{rel}","templated":true}]}}