{"id":33,"date":"2021-12-03T16:15:24","date_gmt":"2021-12-03T15:15:24","guid":{"rendered":"https:\/\/affordablehousingactivation.org\/?p=33"},"modified":"2022-03-20T10:55:48","modified_gmt":"2022-03-20T09:55:48","slug":"se-constituye-el-comite-institucional-del-foro-uia-2022","status":"publish","type":"post","link":"https:\/\/affordablehousingactivation.org\/es\/se-constituye-el-comite-institucional-del-foro-uia-2022\/","title":{"rendered":"Se constituye el comit\u00e9 institucional del FORO UIA 2022"},"content":{"rendered":"<p><a href=\"https:\/\/www.cscae.com\/index.php\/conoce-cscae\/sala-de-comunicacion\/6869-madrid-seconvertira-en-el-epicentro-del-debate-sobre-el-acceso-a-la-vivienda-en-marzo-de-2022\" target=\"_blank\" rel=\"noopener\">https:\/\/www.cscae.com\/index.php\/conoce-cscae\/sala-de-comunicacion\/6869-madrid-se-convertira-en-el-epicentro-del-debate-sobre-el-acceso-a-la-vivienda-en-marzo-de-2022<\/a><\/p>\n<p><strong>Madrid se convertir\u00e1 en el epicentro del debate sobre el acceso a la vivienda en marzo de 2022<\/strong><\/p>\n<p>&#8211; Constituido el comit\u00e9 institucional del Foro Internacional de Acceso a la Vivienda, que promueven la Uni\u00f3n Internacional de Arquitectos (UIA) y el Consejo Superior de los Colegios de Arquitectos de Espa\u00f1a (CSCAE)<\/p>\n<p>&#8211; Tambi\u00e9n forman parte del comit\u00e9 el Gobierno, la Comunidad de Madrid, el Ayuntamiento, ONU-H\u00e1bitat y el COAM<\/p>\n<p>&#8211; El foro reunir\u00e1 a expertos\/as de todo el mundo con el objetivo identificar y analizar las barreras que impiden que el derecho a una vivienda digna y adecuada sea una realidad y casos de \u00e9xito que permitan avanzar en conseguirlo<\/p>\n<p>Madrid, 16 de junio de 2021. El Colegio de Arquitectos de Madrid (COAM) ha acogido, esta ma\u00f1ana, el acto de constituci\u00f3n del comit\u00e9 institucional del Foro Internacional de Acceso a la Vivienda, que se celebrar\u00e1 en la capital espa\u00f1ola en marzo del a\u00f1o que viene. Junto con la Uni\u00f3n Internacional de Arquitectos (UIA) y el Consejo Superior de los Colegios de Arquitectos de Espa\u00f1a (CSCAE), como entidades promotoras de este encuentro internacional, integran el comit\u00e9 el Gobierno, a trav\u00e9s de los ministerios de Transportes, Movilidad y Agenda Urbana y Asuntos Exteriores; la Comunidad de Madrid, el Ayuntamiento de la capital, Naciones Unidas (ONU-H\u00e1bitat) y el COAM.<\/p>\n<p>La constituci\u00f3n de este comit\u00e9 es el primer hito p\u00fablico desde que la candidatura del CSCAE se impusiera a la de Arabia Saud\u00ed en la Asamblea General de la UIA, celebrada en Bak\u00fa hace justamente dos a\u00f1os.<\/p>\n<p>El acceso a la vivienda es un derecho universal, pero se ha convertido en un problema de dimensiones globales. El crecimiento demogr\u00e1fico exponencial que se ha registrado en las \u00faltimas d\u00e9cadas y que se prev\u00e9 que siga aumentando, hasta alcanzar los 10.000 millones de habitantes en el a\u00f1o 2050, unido a una urbanizaci\u00f3n r\u00e1pida y desordenada de los territorios -sobre todo, en Asia y \u00c1frica- est\u00e1n generando nuevos retos a los que hay que sumar un incremento manifiesto de las desigualdades sociales en los pa\u00edses desarrollados. En este contexto, y con la ambici\u00f3n de ser \u00fatil, el Foro Internacional de Acceso a la Vivienda reunir\u00e1, en Madrid, a expertos\/as de todo el mundo con el fin de identificar, analizar, debatir y clasificar, de una forma cient\u00edfica y rigurosa, las principales barreras que dificultan en cada pa\u00eds que el derecho a la vivienda digna y adecuada sea una realidad y los casos de \u00e9xito que permitir\u00edan avanzar, a medio y largo plazo, en posibles l\u00edneas de actuaci\u00f3n para plantear soluciones a un desaf\u00edo de enorme<br \/>\ncomplejidad.<\/p>\n<p>\u201c<em>Con este foro, los arquitectos queremos contribuir a dar respuestas estructurales a <\/em><em>este reto, impulsando y visibilizando propuestas vinculadas con la arquitectura y el <\/em><em>urbanismo<\/em>\u201d, ha se\u00f1alado el <strong>presidente del CSCAE<\/strong>, Llu\u00eds Comer\u00f3n, que ha subrayado uno de los principales valores de este encuentro internacional: su capacidad para crear un marco de trabajo colaborativo y generar alianzas. \u201c<em>Desde el primer momento, hemos trabajado en lograr la implicaci\u00f3n de agentes relevantes en todas las escalas administrativas: desde la local, empezando por el propio Colegio de Arquitectos de Madrid y el Ayuntamiento; la auton\u00f3mica, con la Comunidad de Madrid; el firme apoyo del Gobierno de Espa\u00f1a y la colaboraci\u00f3n estrecha con ONU-H\u00e1bitat<\/em>\u201d, ha valorado.<\/p>\n<p>El <strong>director general de Agenda Urbana y Arquitectura del Ministerio de Transportes, Movilidad y Agenda Urbana<\/strong>, I\u00f1aqui Carnicero, ha remarcado: \u201c<em>Para afrontar el reto del acceso a la vivienda, as\u00ed como la creciente desigualdad social de las ciudades, la arquitectura y el urbanismo tienen mucho que aportar. En Europa, la clave reside en trabajar en la rehabilitaci\u00f3n y regeneraci\u00f3n urbana mediante una <\/em><em>arquitectura de calidad, por su capacidad para mejorar la cohesi\u00f3n social, el bienestar y la salud de las personas, en definitiva, para mejorar su calidad de vida<\/em>\u201d.<\/p>\n<p>El <strong>director general en funciones de Vivienda y Rehabilitaci\u00f3n de la Comunidad de Madrid<\/strong>, Jos\u00e9 Mar\u00eda Garc\u00eda, ha subrayado \u201c<em>el compromiso ineludible de las Administraciones p\u00fablicas a la hora de facilitar el acceso a la vivienda, especialmente de la poblaci\u00f3n m\u00e1s joven o de colectivos vulnerables. La apuesta por el acceso a la vivienda en la Comunidad de Madrid es clara, gracias al Plan Vive, complementado con un amplio parque de vivienda social. La colaboraci\u00f3n p\u00fablico-privada en el mercado inmobiliario es fundamental para dinamizar y facilitar el acceso a la vivienda<\/em>\u201d.<\/p>\n<p>Mariano Fuentes, <strong>delegado del \u00c1rea de Desarrollo Urbano del Ayuntamiento de <\/strong><strong>Madrid<\/strong>, ha se\u00f1alado la importancia que tiene para la capital organizar este foro, \u00ab<em>que reconoce la capacidad de la ciudad para atraer la atenci\u00f3n y organizar debates tan relevantes como \u00e9ste, que tendr\u00e1 impacto en la sociedad y consecuencias para mejorar la vida de los ciudadanos<\/em>\u00ab.<\/p>\n<p>Por su parte, el concejal de Vivienda del Ayuntamiento de Madrid, \u00c1lvaro Gonz\u00e1lez, representado en el acto por la <strong>directora general de Vivienda, Rehabilitaci\u00f3n y <\/strong><strong>Regeneraci\u00f3n<\/strong>, Isabel Calzas, ha destacado \u201c<em>la importancia de este Foro Internacional, <\/em><em>que permitir\u00e1 a la ciudad de Madrid liderar y acoger el evento, precisamente, porque <\/em><em>para el Ayuntamiento de Madrid la pol\u00edtica de vivienda es una prioridad, no s\u00f3lo por <\/em><em>ser un derecho reconocido, sino como elemento esencial para llevar adelante el <\/em><em>crecimiento de una ciudad moderna. Y Madrid es un ejemplo en la b\u00fasqueda de <\/em><em>soluciones al acceso de vivienda asequible y digna<\/em>\u201d.<\/p>\n<p>Desde la sostenibilidad institucional, evitando duplicar esfuerzos, el Foro Internacional de Acceso a la Vivienda aprovechar\u00e1 las redes globales, buscando sinergias que ayuden tambi\u00e9n a difundir las buenas pr\u00e1cticas. Se trata de impulsar un marco de trabajo conjunto que redunde en la utilidad de las propuestas.<\/p>\n<p><a href=\"https:\/\/affordablehousingactivation.org\/web\/app\/uploads\/2021\/12\/Noticia-2-Constitucion-Comite_SP.pdf\" target=\"_blank\" rel=\"noopener\">M\u00e1s informaci\u00f3n<\/a><\/p>\n","protected":false},"excerpt":{"rendered":"<p>El comit\u00e9 est\u00e1 formado por representantes de La UIA, el CSCAE, el Gobierno de Espa\u00f1a, la Comunidad de Madrid, el Ayuntamiento de Madrid, ONU-H\u00e1bitat y el COAM.<\/p>\n","protected":false},"author":2,"featured_media":452,"comment_status":"closed","ping_status":"closed","sticky":false,"template":"","format":"standard","meta":{"_price":"","_stock":"","_tribe_ticket_header":"","_tribe_default_ticket_provider":"","_tribe_ticket_capacity":"0","_ticket_start_date":"","_ticket_end_date":"","_tribe_ticket_show_description":"","_tribe_ticket_show_not_going":false,"_tribe_ticket_use_global_stock":"","_tribe_ticket_global_stock_level":"","_global_stock_mode":"","_global_stock_cap":"","_tribe_rsvp_for_event":"","_tribe_ticket_going_count":"","_tribe_ticket_not_going_count":"","_tribe_tickets_list":[],"_tribe_ticket_has_attendee_info_fields":false},"categories":[19],"tags":[],"barrera":[],"pais":[],"acf":[],"_links":{"self":[{"href":"https:\/\/affordablehousingactivation.org\/es\/wp-json\/wp\/v2\/posts\/33"}],"collection":[{"href":"https:\/\/affordablehousingactivation.org\/es\/wp-json\/wp\/v2\/posts"}],"about":[{"href":"https:\/\/affordablehousingactivation.org\/es\/wp-json\/wp\/v2\/types\/post"}],"author":[{"embeddable":true,"href":"https:\/\/affordablehousingactivation.org\/es\/wp-json\/wp\/v2\/users\/2"}],"replies":[{"embeddable":true,"href":"https:\/\/affordablehousingactivation.org\/es\/wp-json\/wp\/v2\/comments?post=33"}],"version-history":[{"count":5,"href":"https:\/\/affordablehousingactivation.org\/es\/wp-json\/wp\/v2\/posts\/33\/revisions"}],"predecessor-version":[{"id":831,"href":"https:\/\/affordablehousingactivation.org\/es\/wp-json\/wp\/v2\/posts\/33\/revisions\/831"}],"wp:featuredmedia":[{"embeddable":true,"href":"https:\/\/affordablehousingactivation.org\/es\/wp-json\/wp\/v2\/media\/452"}],"wp:attachment":[{"href":"https:\/\/affordablehousingactivation.org\/es\/wp-json\/wp\/v2\/media?parent=33"}],"wp:term":[{"taxonomy":"category","embeddable":true,"href":"https:\/\/affordablehousingactivation.org\/es\/wp-json\/wp\/v2\/categories?post=33"},{"taxonomy":"post_tag","embeddable":true,"href":"https:\/\/affordablehousingactivation.org\/es\/wp-json\/wp\/v2\/tags?post=33"},{"taxonomy":"barrera","embeddable":true,"href":"https:\/\/affordablehousingactivation.org\/es\/wp-json\/wp\/v2\/barrera?post=33"},{"taxonomy":"pais","embeddable":true,"href":"https:\/\/affordablehousingactivation.org\/es\/wp-json\/wp\/v2\/pais?post=33"}],"curies":[{"name":"wp","href":"https:\/\/api.w.org\/{rel}","templated":true}]}}