{"id":3324,"date":"2022-03-28T17:09:30","date_gmt":"2022-03-28T15:09:30","guid":{"rendered":"https:\/\/affordablehousingactivation.org\/?p=3324"},"modified":"2022-04-01T09:20:40","modified_gmt":"2022-04-01T07:20:40","slug":"madrid-nuevo-norte-se-convierte-en-colaborador-del-foro-internacional-uia-2022","status":"publish","type":"post","link":"https:\/\/affordablehousingactivation.org\/es\/madrid-nuevo-norte-se-convierte-en-colaborador-del-foro-internacional-uia-2022\/","title":{"rendered":"Madrid Nuevo Norte se convierte en colaborador del Foro Internacional UIA 2022"},"content":{"rendered":"<p><strong>Madrid Nuevo Norte se convierte en colaborador del Foro Internacional UIA 2022<\/strong><\/p>\n<p>El Consejo Superior de los Colegios de Arquitectos de Espa\u00f1a (CSCAE), como entidad impulsora del Foro Internacional UIA 2022 \u201cAffordable Housing Activation: Removing Barriers\u201d, ha anunciado hoy que Madrid Nuevo Norte, la actuaci\u00f3n de regeneraci\u00f3n urbana m\u00e1s relevante de cuantas se acometen actualmente en Europa, se convierte en colaborador del Foro Internacional UIA 2022.<\/p>\n<p>Madrid Nuevo Norte se suma as\u00ed al debate global sobre el acceso a la vivienda que promueve el Foro Internacional UIA 2022 y lo har\u00e1 impulsando la reflexi\u00f3n en torno a los retos urbanos, clim\u00e1ticos, sociales, econ\u00f3micos, tecnol\u00f3gicos y medioambientales que se presentan en el campo del desarrollo urbano sostenible.<\/p>\n<p>Adem\u00e1s, como parte del acuerdo suscrito, se instalar\u00e1 la maqueta digital de Madrid Nuevo Norte en el Gran Teatro Pr\u00edncipe P\u00edo (Madrid), donde se celebra la edici\u00f3n presencial del foro del 18 al 20 de mayo. La maqueta consiste en una reproducci\u00f3n que a\u00fana la tecnolog\u00eda digital, mediante dos pantallas de gran formato, y lo f\u00edsico, utilizando un llamativo modelo a escala del proyecto, para mostrar a trav\u00e9s de una cuidada experiencia audiovisual todos los detalles de esta actuaci\u00f3n \u00fanica.<\/p>\n<p><strong><u>Un movimiento global para avanzar hacia una declaraci\u00f3n multilateral<\/u><\/strong><\/p>\n<p>M\u00e1s de 60 expertos de referencia internacional de la talla de Juan Verde, Richard Sennett, Saskia Sassen, Odile Deck, Ben van Berkel, Stefano Boeri, Joan Clos, Paul Karakusevic, Lluis de Mello, Sergio Magalhaes, Sara Topelson o Martha Thorne, y representantes de las principales instituciones y organismos del mundo reflexionar\u00e1n en torno a la accesibilidad de la vivienda del 18 al 20 de mayo en Madrid, convirtiendo la capital de Espa\u00f1a en el epicentro del debate mundial en torno a la vivienda digna y adecuada, con el fin de avanzar hacia una Declaraci\u00f3n Multilateral.<\/p>\n","protected":false},"excerpt":{"rendered":"<p>Madrid Nuevo Norte se convierte en colaborador del Foro Internacional UIA 2022 El Consejo Superior de los Colegios de Arquitectos de Espa\u00f1a (CSCAE), como entidad impulsora del Foro Internacional UIA [&hellip;]<\/p>\n","protected":false},"author":5,"featured_media":3382,"comment_status":"closed","ping_status":"closed","sticky":false,"template":"","format":"standard","meta":{"_price":"","_stock":"","_tribe_ticket_header":"","_tribe_default_ticket_provider":"","_tribe_ticket_capacity":"0","_ticket_start_date":"","_ticket_end_date":"","_tribe_ticket_show_description":"","_tribe_ticket_show_not_going":false,"_tribe_ticket_use_global_stock":"","_tribe_ticket_global_stock_level":"","_global_stock_mode":"","_global_stock_cap":"","_tribe_rsvp_for_event":"","_tribe_ticket_going_count":"","_tribe_ticket_not_going_count":"","_tribe_tickets_list":[],"_tribe_ticket_has_attendee_info_fields":false},"categories":[45],"tags":[],"barrera":[117],"pais":[],"acf":[],"_links":{"self":[{"href":"https:\/\/affordablehousingactivation.org\/es\/wp-json\/wp\/v2\/posts\/3324"}],"collection":[{"href":"https:\/\/affordablehousingactivation.org\/es\/wp-json\/wp\/v2\/posts"}],"about":[{"href":"https:\/\/affordablehousingactivation.org\/es\/wp-json\/wp\/v2\/types\/post"}],"author":[{"embeddable":true,"href":"https:\/\/affordablehousingactivation.org\/es\/wp-json\/wp\/v2\/users\/5"}],"replies":[{"embeddable":true,"href":"https:\/\/affordablehousingactivation.org\/es\/wp-json\/wp\/v2\/comments?post=3324"}],"version-history":[{"count":2,"href":"https:\/\/affordablehousingactivation.org\/es\/wp-json\/wp\/v2\/posts\/3324\/revisions"}],"predecessor-version":[{"id":3327,"href":"https:\/\/affordablehousingactivation.org\/es\/wp-json\/wp\/v2\/posts\/3324\/revisions\/3327"}],"wp:featuredmedia":[{"embeddable":true,"href":"https:\/\/affordablehousingactivation.org\/es\/wp-json\/wp\/v2\/media\/3382"}],"wp:attachment":[{"href":"https:\/\/affordablehousingactivation.org\/es\/wp-json\/wp\/v2\/media?parent=3324"}],"wp:term":[{"taxonomy":"category","embeddable":true,"href":"https:\/\/affordablehousingactivation.org\/es\/wp-json\/wp\/v2\/categories?post=3324"},{"taxonomy":"post_tag","embeddable":true,"href":"https:\/\/affordablehousingactivation.org\/es\/wp-json\/wp\/v2\/tags?post=3324"},{"taxonomy":"barrera","embeddable":true,"href":"https:\/\/affordablehousingactivation.org\/es\/wp-json\/wp\/v2\/barrera?post=3324"},{"taxonomy":"pais","embeddable":true,"href":"https:\/\/affordablehousingactivation.org\/es\/wp-json\/wp\/v2\/pais?post=3324"}],"curies":[{"name":"wp","href":"https:\/\/api.w.org\/{rel}","templated":true}]}}