{"id":4709,"date":"2022-04-05T18:24:47","date_gmt":"2022-04-05T16:24:47","guid":{"rendered":"https:\/\/affordablehousingactivation.org\/?p=4709"},"modified":"2022-04-22T19:18:23","modified_gmt":"2022-04-22T17:18:23","slug":"urban-land-institute-se-suma-al-debate-global-sobre-el-acceso-a-la-vivienda-impulsado-por-el-foro-internacional-uia-2022","status":"publish","type":"post","link":"https:\/\/affordablehousingactivation.org\/es\/urban-land-institute-se-suma-al-debate-global-sobre-el-acceso-a-la-vivienda-impulsado-por-el-foro-internacional-uia-2022\/","title":{"rendered":"Urban Land Institute se suma al debate global sobre el acceso a la vivienda impulsado por el Foro Internacional UIA 2022"},"content":{"rendered":"<ul class=\"ul1\">\n<li class=\"li1\"><b>El Foro Internacional UIA 2022 \u201cAffordable Housing Activation: Removing Barriers\u2019 firma un acuerdo de colaboraci\u00f3n con la entidad internacional Urban Land Institute<\/b><\/li>\n<\/ul>\n<ul class=\"ul1\">\n<li class=\"li1\"><b>Urban land Institute participar\u00e1 en el marco de trabajo colaborativo que impulsa el Foro Internacional UIA 2022, as\u00ed como en su difusi\u00f3n a sus m\u00e1s de 45.000 miembros en todo el mundo<span class=\"Apple-converted-space\">\u00a0<\/span><\/b><\/li>\n<\/ul>\n<ul class=\"ul1\">\n<li class=\"li1\"><b>El Foro Internacional UIA 2022 Affordable Housing Activation: Removing Barriers promover\u00e1 un marco de trabajo colaborativo e innovador que activar\u00e1 y reunir\u00e1 en su plataforma digital contenidos vinculados con la vivienda promovidos por actores a nivel internacional, y que concluir\u00e1 con un panel final de s\u00edntesis global en Madrid, del 18 al 20 de mayo<\/b><\/li>\n<\/ul>\n<p class=\"p1\"><b>Madrid, 05 de abril de 2022<\/b>. El Consejo Superior de los Colegios de Arquitectos de Espa\u00f1a (CSCAE), como entidad impulsora del Foro Internacional UIA 2022 \u201cAffordable Housing Activation: Removing Barriers\u2019, ha firmado un acuerdo de colaboraci\u00f3n con Urban Land Institute, entidad internacional de educaci\u00f3n e investigaci\u00f3n sin \u00e1nimo de lucro, por el cual colaborar\u00e1 en la difusi\u00f3n del debate en torno a la vivienda digna y accesible que promueve el Foro entre sus m\u00e1s de 45.000 miembros en todo el mundo.<span class=\"Apple-converted-space\">\u00a0<\/span><\/p>\n<p class=\"p1\">El acuerdo entre ambas instituciones tambi\u00e9n contempla el impulso y organizaci\u00f3n de eventos como un ULI Megatrend, que pasar\u00e1n a convertirse en eventos AHA, y se promover\u00e1n en el marco colaborativo que activar\u00e1 a actores a nivel internacional a partir de marzo y concluir\u00e1 con la celebraci\u00f3n del Foro en Madrid, del 18 al 20 de mayo.<span class=\"Apple-converted-space\">\u00a0<\/span><\/p>\n<p class=\"p4\">Uno de los objetivos del Foro, indica <b>Marta Vall-llossera Ferran, Presidenta en funciones del CSCAE<\/b>, es \u201cconcienciar sobre el derecho a una vivienda digna y adecuada juntamente con la sostenibilidad medioambiental, econ\u00f3mica y social,\u00a0promoviendo para ello un marco de trabajo colaborativo e innovador. La participaci\u00f3n de Urban land Institute en la propuesta que impulsa el Foro Internacional UIA 2022 y el apoyo en su difusi\u00f3n entre sus m\u00e1s de 45.000 miembros globales ayudar\u00e1 a avanzar en la b\u00fasqueda de soluciones a este reto de forma conjunta\u201d<span class=\"Apple-converted-space\">\u00a0<\/span><\/p>\n<p class=\"p1\"><b>Angela Balldellou, directora ejecutiva del Foro AHA<\/b>, ha se\u00f1alado: \u201cestamos muy satisfechos de que una entidad tan prestigiosa como Urban Land Institute se sume a este movimiento global de conocimiento compartido y puesta en com\u00fan de las barreras que impiden la accesibilidad a la vivienda. Es un primer paso para avanzar hacia soluciones reales basadas en la experiencia y en los casos de \u00e9xito y poder poner de relevancia las carencias para solventarlas. Gracias a ULI seremos capaces de ampliar la repercusi\u00f3n internacional de un Foro que quiere trascender mediante la activaci\u00f3n de alianzas estrat\u00e9gicas como esta\u201d.<\/p>\n<h2 class=\"p1\">Un movimiento global de alto impacto<\/h2>\n<p class=\"p1\">El Foro Internacional UIA 2022 ser\u00e1 un evento de m\u00e1ximo impacto internacional cuyo objetivo es contribuir a mejorar el acceso a una vivienda asequible, digna y adecuada en todo el mundo, a trav\u00e9s de la generaci\u00f3n de redes y alianzas globales que promuevan el conocimiento compartido de casos ejemplares y las visiones especificas desde el an\u00e1lisis de las barreras que dificultan el acceso a la vivienda. Planteando soluciones y miradas integrales capaces de \u201ccoser\u201d las barreras desde la arquitectura y el urbanismo, e involucrando a todos los agentes con capacidad para marcar l\u00edneas de actuaci\u00f3n a largo plazo, en torno a un futuro acuerdo internacional con el m\u00e1ximo respaldo de organizaciones, gobiernos, entidades e instituciones; capaz de concentrar y consensuar las claves m\u00ednimas de habitabilidad de la mano de la sostenibilidad; desde el conocimiento y an\u00e1lisis de las barreras y las necesidades de los habitantes, de manera que puedan adaptarse conforme a indicadores y par\u00e1metros locales en cada estado o regi\u00f3n y ayudar desde la vivienda a alcanzar los Objetivos de Desarrollo Sostenible de la Agenda 2030 en base a la informaci\u00f3n y al conocimiento y los datos compartidos. Todo ello en una cita que reunir\u00e1 a expertos\/as internacionales del \u00e1mbito de la arquitectura, la gobernanza, la energ\u00eda, la ingenier\u00eda, la econom\u00eda, el urbanismo, el medio ambiente, la sociolog\u00eda, el dise\u00f1o, la tecnolog\u00eda y la innovaci\u00f3n.<span class=\"Apple-converted-space\">\u00a0<\/span><\/p>\n<h2 class=\"p1\">Un evento con amplio respaldo institucional<\/h2>\n<p class=\"p1\">En la Asamblea General de la Uni\u00f3n Internacional de Arquitectos (UIA), celebrada en el Foro de Bak\u00fa el 11 de junio de 2019, se aprob\u00f3 por amplia mayor\u00eda la elecci\u00f3n de Madrid para la organizaci\u00f3n del Foro Internacional UIA 2022 sobre acceso a la vivienda. La candidatura culmin\u00f3 con \u00e9xito gracias al amplio respaldo institucional del proyecto, que cuenta con el aval del Gobierno de Espa\u00f1a, a trav\u00e9s del Ministerio de Transportes, Movilidad y Agenda Urbana, la Comunidad de Madrid y el Ayuntamiento de Madrid y la colaboraci\u00f3n de UN-H\u00e1bitat.<\/p>\n<p class=\"p1\">El Foro Internacional UIA 2022 se activar\u00e1 a partir del mes de enero, mediante el impulso de la celebraci\u00f3n de actividades paralelas en todo el mundo, y culminar\u00e1, en Madrid, del 18 al 20 de mayo en una cita que reunir\u00e1 a expertos\/as internacionales del \u00e1mbito de la arquitectura, la ingenier\u00eda, la econom\u00eda, el urbanismo, el medio ambiente, la sociolog\u00eda, el dise\u00f1o y el arte.<span class=\"Apple-converted-space\">\u00a0<\/span><\/p>\n<p class=\"p1\">El apoyo de la estructura profesional en Madrid est\u00e1 garantizado a trav\u00e9s del COAM y el del sector de la edificaci\u00f3n por el Observatorio 2030 del CSCAE, que re\u00fane a todos los agentes implicados en Espa\u00f1a en el dise\u00f1o de las ciudades.<\/p>\n<h2 class=\"p6\">Sobre la Uni\u00f3n Internacional de Arquitectos (UIA)<\/h2>\n<p class=\"p6\">La UIA surge como una federaci\u00f3n de organizaciones\u00a0en\u00a0Lausanne, Suiza, en 1948. Actualmente, cuenta con 104 secciones miembro, que representan a 115 pa\u00edses y a m\u00e1s de 1.500.000 de arquitectos\/as a nivel mundial, lo que la convierte en la\u00a0organizaci\u00f3n\u00a0internacional con mayor capacidad de influencia global\u00a0en Arquitectura y una de las m\u00e1s influyentes en cuestiones urbanas,\u00a0de dise\u00f1o o de\u00a0patrimonio, vinculando toda su actividad y sus compromisos con las agendas internacionales y la sostenibilidad. Los foros UIA nacen para generar encuentros en torno a los grandes desaf\u00edos a los que tiene que hacer frente la profesi\u00f3n y para vincular la arquitectura con otras disciplinas y miradas en la resoluci\u00f3n de retos comunes. Para m\u00e1s informaci\u00f3n <a href=\"http:\/\/www.uia-architectes.org\" target=\"_blank\" rel=\"noopener\"><span class=\"s1\">www.uia-architectes.org<\/span><\/a><span class=\"Apple-converted-space\">\u00a0<\/span><\/p>\n<h2 class=\"p6\">Sobre Urban Land Institute<\/h2>\n<p class=\"p7\">Creado en 1931, el CSCAE es el organismo que re\u00fane a todos los colegios de arquitectos de Espa\u00f1a para la defensa de la Arquitectura y la consecuci\u00f3n de los fines de inter\u00e9s com\u00fan general. Representa a los colegios y a los m\u00e1s de 47.000 profesionales que ejercen la Arquitectura de forma colegiada en nuestro pa\u00eds ante las corporaciones p\u00fablicas y privadas y ante los organismos internacionales.<\/p>\n<p class=\"p6\">Para m\u00e1s informaci\u00f3n <a href=\"http:\/\/www.cscae.com\" target=\"_blank\" rel=\"noopener\"><span class=\"s1\">www.cscae.com<\/span><\/a><span class=\"Apple-converted-space\">\u00a0<\/span><\/p>\n<h2 class=\"p9\"><span class=\"s2\">Sobre <\/span>Urban Land Institute<\/h2>\n<p class=\"p10\">Nuestra misi\u00f3n es proporcionar liderazgo en el uso responsable del suelo y en la creaci\u00f3n y mantenimiento de comunidades pr\u00f3speras en todo el mundo. Proporcionamos a nuestros socios foros independientes de discusi\u00f3n y debate sobre aspectos que contribuyan al desarrollo de las ciudades.<\/p>\n<p class=\"p10\">Fundado en 1936, Urban Land Institute es un instituto de educaci\u00f3n e investigaci\u00f3n sin \u00e1nimo de lucro con m\u00e1s de 45.000 miembros en todo el mundo.<\/p>\n<p class=\"p10\">ULI Spain incluye dos National Councils, (Barcelona y Madrid) con varias centenas de socios del sector inmobiliario, urbanismo y real estate en general.<\/p>\n<p class=\"p10\">Las prioridades de la misi\u00f3n del ULI en las que se centrar\u00e1 la organizaci\u00f3n en los pr\u00f3ximos tres a\u00f1os son:<\/p>\n<ul class=\"ul1\">\n<li class=\"li10\">La descarbonizaci\u00f3n del sector inmobiliario y lograr el objetivo de cero emisiones;<\/li>\n<li class=\"li10\">La formaci\u00f3n de la pr\u00f3xima generaci\u00f3n de l\u00edderes inmobiliarios diversos,<\/li>\n<li class=\"li10\">O aumentar el acceso a la vivienda en comunidades de todo el mundo.<\/li>\n<\/ul>\n","protected":false},"excerpt":{"rendered":"<p>El Foro Internacional UIA 2022 \u201cAffordable Housing Activation: Removing Barriers\u2019 firma un acuerdo de colaboraci\u00f3n con la entidad internacional Urban Land Institute Urban land Institute participar\u00e1 en el marco de [&hellip;]<\/p>\n","protected":false},"author":393,"featured_media":4712,"comment_status":"closed","ping_status":"closed","sticky":false,"template":"","format":"standard","meta":{"_price":"","_stock":"","_tribe_ticket_header":"","_tribe_default_ticket_provider":"","_tribe_ticket_capacity":"0","_ticket_start_date":"","_ticket_end_date":"","_tribe_ticket_show_description":"","_tribe_ticket_show_not_going":false,"_tribe_ticket_use_global_stock":"","_tribe_ticket_global_stock_level":"","_global_stock_mode":"","_global_stock_cap":"","_tribe_rsvp_for_event":"","_tribe_ticket_going_count":"","_tribe_ticket_not_going_count":"","_tribe_tickets_list":[],"_tribe_ticket_has_attendee_info_fields":false},"categories":[45],"tags":[],"barrera":[],"pais":[],"acf":[],"_links":{"self":[{"href":"https:\/\/affordablehousingactivation.org\/es\/wp-json\/wp\/v2\/posts\/4709"}],"collection":[{"href":"https:\/\/affordablehousingactivation.org\/es\/wp-json\/wp\/v2\/posts"}],"about":[{"href":"https:\/\/affordablehousingactivation.org\/es\/wp-json\/wp\/v2\/types\/post"}],"author":[{"embeddable":true,"href":"https:\/\/affordablehousingactivation.org\/es\/wp-json\/wp\/v2\/users\/393"}],"replies":[{"embeddable":true,"href":"https:\/\/affordablehousingactivation.org\/es\/wp-json\/wp\/v2\/comments?post=4709"}],"version-history":[{"count":5,"href":"https:\/\/affordablehousingactivation.org\/es\/wp-json\/wp\/v2\/posts\/4709\/revisions"}],"predecessor-version":[{"id":6016,"href":"https:\/\/affordablehousingactivation.org\/es\/wp-json\/wp\/v2\/posts\/4709\/revisions\/6016"}],"wp:featuredmedia":[{"embeddable":true,"href":"https:\/\/affordablehousingactivation.org\/es\/wp-json\/wp\/v2\/media\/4712"}],"wp:attachment":[{"href":"https:\/\/affordablehousingactivation.org\/es\/wp-json\/wp\/v2\/media?parent=4709"}],"wp:term":[{"taxonomy":"category","embeddable":true,"href":"https:\/\/affordablehousingactivation.org\/es\/wp-json\/wp\/v2\/categories?post=4709"},{"taxonomy":"post_tag","embeddable":true,"href":"https:\/\/affordablehousingactivation.org\/es\/wp-json\/wp\/v2\/tags?post=4709"},{"taxonomy":"barrera","embeddable":true,"href":"https:\/\/affordablehousingactivation.org\/es\/wp-json\/wp\/v2\/barrera?post=4709"},{"taxonomy":"pais","embeddable":true,"href":"https:\/\/affordablehousingactivation.org\/es\/wp-json\/wp\/v2\/pais?post=4709"}],"curies":[{"name":"wp","href":"https:\/\/api.w.org\/{rel}","templated":true}]}}