{"id":5491,"date":"2022-04-13T23:49:16","date_gmt":"2022-04-13T21:49:16","guid":{"rendered":"https:\/\/affordablehousingactivation.org\/?p=5491"},"modified":"2022-04-22T19:16:09","modified_gmt":"2022-04-22T17:16:09","slug":"onu-habitat-y-el-consejo-superior-de-los-colegios-de-arquitectos-de-espana-se-unen-para-promover-el-debate-global-sobre-acceso-a-la-vivienda-en-el-foro-uia-2022","status":"publish","type":"post","link":"https:\/\/affordablehousingactivation.org\/es\/onu-habitat-y-el-consejo-superior-de-los-colegios-de-arquitectos-de-espana-se-unen-para-promover-el-debate-global-sobre-acceso-a-la-vivienda-en-el-foro-uia-2022\/","title":{"rendered":"ONU-Habitat y el Consejo Superior de los Colegios de Arquitectos de Espa\u00f1a se unen para promover el debate global sobre acceso a la vivienda en el Foro UIA 2022"},"content":{"rendered":"<ul>\n<li aria-level=\"1\"><b>Las dos instituciones suscriben un acuerdo de colaboraci\u00f3n para contribuir a identificar las barreras que impiden el acceso a una vivienda digna y adecuada<\/b><\/li>\n<\/ul>\n<ul>\n<li aria-level=\"1\"><b>ONU-Habitat tambi\u00e9n apoyar\u00e1 la elaboraci\u00f3n de la documentaci\u00f3n conceptual e impulsar\u00e1 posibles planes de acci\u00f3n a medio y largo plazo sobre el acceso a la vivienda<\/b><\/li>\n<\/ul>\n<p>&nbsp;<\/p>\n<p><b>Madrid, 7 de abril de 2022<\/b><span style=\"font-weight: 400;\">. El Consejo Superior de los Colegios de Arquitectos de Espa\u00f1a (CSCAE), como entidad impulsora del Foro Internacional UIA 2022 \u201cAffordable Housing Activation: Removing Barriers\u201d, y el Programa de Naciones Unidas para los Asentamientos Humanos (ONU-Habitat), firman un acuerdo de colaboraci\u00f3n para promover el acceso a la vivienda adecuada a trav\u00e9s del Foro Internacional UIA 2022.\u00a0\u00a0<\/span><\/p>\n<p><span style=\"font-weight: 400;\">En este sentido, el Foro se ver\u00e1 enriquecido por la contribuci\u00f3n de ONU-Habitat en el \u00e1mbito conceptual, t\u00e9cnico y de promoci\u00f3n nacional y global. Adem\u00e1s, esta alianza permitir\u00e1 continuar con la promoci\u00f3n de la generaci\u00f3n de conocimiento especializado y estrategias de incidencia para el desarrollo de ciudades socialmente inclusivas, seguras, sostenibles y eficientes, a trav\u00e9s de la formulaci\u00f3n de estrategias de vivienda y propuestas concretas con una perspectiva de derechos humanos, y de vivienda en el centro.\u00a0\u00a0<\/span><\/p>\n<p><b>Marta Vall-llossera Ferran, presidenta del CSCAE<\/b><span style=\"font-weight: 400;\">, ha subrayado la importancia de este acuerdo: \u201cEl acceso a la vivienda es un problema de escala global y, desde el primer momento, hemos trabajado para conseguir que agentes relevantes a todas las escalas se implicaran en el Foro Internacional UIA 2022, fraguando alianzas y constituyendo un marco de trabajo colaborativo. En este sentido, las aportaciones de ONU-Habitat ser\u00e1n determinantes tanto en el an\u00e1lisis como en la b\u00fasqueda colectiva de soluciones\u201d.\u00a0\u00a0\u00a0<\/span><\/p>\n<p><b>Angela Balldellou, directora ejecutiva del Foro AHA<\/b><span style=\"font-weight: 400;\">, ha se\u00f1alado: \u201cContar con el apoyo de ONU-Habitat desde la concepci\u00f3n del proyecto ejemplifica a la perfecci\u00f3n el alcance internacional y la envergadura del Foro Internacional UIA. ONU-Habitat nos ayudar\u00e1 a movilizar a actores internacionales de referencia para sentar las bases para abordar la complejidad de la problem\u00e1tica del acceso a la vivienda a medio y largo plazo, y avanzar hacia una declaraci\u00f3n multilateral para pasar a la acci\u00f3n\u201d.<\/span><\/p>\n<p><span style=\"font-weight: 400;\">Por su parte,<\/span><b> Carmen S\u00e1nchez-Miranda, jefa de la oficina de ONU-Habitat en Espa\u00f1a <\/b><span style=\"font-weight: 400;\">ha afirmado: \u201cLograr el derecho a una vivienda adecuada para todos debe reconocerse como una responsabilidad compartida, y este Foro ser\u00e1 el escenario de una discusi\u00f3n fruct\u00edfera para tambi\u00e9n destacar el papel de los arquitectos y los profesionales en identificar soluciones a las barreras existentes\u201d<\/span><\/p>\n<p><b>Un movimiento global para avanzar hacia una declaraci\u00f3n multilateral<\/b><\/p>\n<p><span style=\"font-weight: 400;\">M\u00e1s de 70 expertos y expertas de referencia internacional de la talla de Juan Verde, Richard Sennett, Saskia Sassen, Odile Deck, Ben van Berkel, Stefano Boeri, Joan Clos, Paul Karakusevic, Lluis de Mello, Sergio Magalhaes, Sara Topelson o Martha Thorne, y representantes de las principales instituciones y organismos del mundo reflexionar\u00e1n en torno a la accesibilidad de la vivienda del 18 al 20 de mayo en Madrid, convirtiendo la capital de Espa\u00f1a en el epicentro del debate mundial en torno a la vivienda digna y adecuada, con el fin de avanzar hacia una declaraci\u00f3n multilateral.\u00a0<\/span><\/p>\n<p><span style=\"font-weight: 400;\">En este sentido, el Foro Internacional UIA Affordable Housing Activation: Removing Barriers, tiene como objetivo fomentar la colaboraci\u00f3n internacional, creando un marco de trabajo colaborativo, innovador, vanguardista y paradigm\u00e1tico que permitir\u00e1 compartir casos y visiones desde las perspectivas profesionales involucradas en todo el proceso (dise\u00f1o, financiaci\u00f3n, gesti\u00f3n y producci\u00f3n) de la vivienda asequible, as\u00ed como de las pol\u00edticas y regulaciones que la facilitan. El marco tambi\u00e9n permitir\u00e1 analizar y sintetizar los datos globales y los desajustes a corregir para generar una oferta adecuada a la demanda. Todo ello con una mirada inclusiva, diversa, anal\u00edtica, rigurosa y transversal para determinar el estado actual del acceso a la vivienda e impulsar posibles planes de acci\u00f3n a medio y largo plazo.\u00a0<\/span><\/p>\n<p><b>La primera plataforma global de contenidos vinculados con la accesibilidad a la vivienda<\/b><\/p>\n<p><span style=\"font-weight: 400;\">El Foro Internacional UIA 2022 es un evento de m\u00e1ximo impacto internacional cuyo objetivo es contribuir a mejorar el acceso a una vivienda asequible, digna y adecuada en todo el mundo, a trav\u00e9s de la generaci\u00f3n de redes y alianzas globales que promuevan el conocimiento compartido. Para ello, el Foro cuenta con la primera plataforma global de contenidos vinculados con la accesibilidad a la vivienda en la que participan expertos\/as internacionales del \u00e1mbito de la arquitectura, la gobernanza, la energ\u00eda, la ingenier\u00eda, la econom\u00eda, el urbanismo, el medio ambiente, la sociolog\u00eda, el dise\u00f1o, la tecnolog\u00eda y la innovaci\u00f3n, y que contar\u00e1 con Inteligencia Artificial y los primeros Atlas din\u00e1micos vinculados con cientos de indicadores cualitativos.<\/span><\/p>\n<p><span style=\"font-weight: 400;\">La p\u00e1gina web <\/span><a href=\"https:\/\/affordablehousingactivation.org\"><span style=\"font-weight: 400;\">www.ahamadrid.com<\/span><\/a><span style=\"font-weight: 400;\"> sirve de plataforma donde compartir casos ejemplares de los 5 continentes y las visiones espec\u00edficas desde el an\u00e1lisis de las barreras que dificultan el acceso a la vivienda. En este sentido, se plantean soluciones y miradas integrales capaces de \u201ccoser\u201d las barreras desde la arquitectura y el urbanismo, e involucrando a todos los agentes con capacidad para marcar l\u00edneas de actuaci\u00f3n a largo plazo, en torno a un futuro acuerdo internacional con el m\u00e1ximo respaldo de organizaciones, gobiernos, entidades e instituciones; capaz de concentrar y consensuar las claves m\u00ednimas de habitabilidad de la mano de la sostenibilidad.\u00a0<\/span><\/p>\n","protected":false},"excerpt":{"rendered":"<p>Las dos instituciones suscriben un acuerdo de colaboraci\u00f3n para contribuir a identificar las barreras que impiden el acceso a una vivienda digna y adecuada ONU-Habitat tambi\u00e9n apoyar\u00e1 la elaboraci\u00f3n de [&hellip;]<\/p>\n","protected":false},"author":393,"featured_media":5488,"comment_status":"closed","ping_status":"closed","sticky":false,"template":"","format":"standard","meta":{"_price":"","_stock":"","_tribe_ticket_header":"","_tribe_default_ticket_provider":"","_tribe_ticket_capacity":"0","_ticket_start_date":"","_ticket_end_date":"","_tribe_ticket_show_description":"","_tribe_ticket_show_not_going":false,"_tribe_ticket_use_global_stock":"","_tribe_ticket_global_stock_level":"","_global_stock_mode":"","_global_stock_cap":"","_tribe_rsvp_for_event":"","_tribe_ticket_going_count":"","_tribe_ticket_not_going_count":"","_tribe_tickets_list":[],"_tribe_ticket_has_attendee_info_fields":false},"categories":[45],"tags":[],"barrera":[],"pais":[],"acf":[],"_links":{"self":[{"href":"https:\/\/affordablehousingactivation.org\/es\/wp-json\/wp\/v2\/posts\/5491"}],"collection":[{"href":"https:\/\/affordablehousingactivation.org\/es\/wp-json\/wp\/v2\/posts"}],"about":[{"href":"https:\/\/affordablehousingactivation.org\/es\/wp-json\/wp\/v2\/types\/post"}],"author":[{"embeddable":true,"href":"https:\/\/affordablehousingactivation.org\/es\/wp-json\/wp\/v2\/users\/393"}],"replies":[{"embeddable":true,"href":"https:\/\/affordablehousingactivation.org\/es\/wp-json\/wp\/v2\/comments?post=5491"}],"version-history":[{"count":2,"href":"https:\/\/affordablehousingactivation.org\/es\/wp-json\/wp\/v2\/posts\/5491\/revisions"}],"predecessor-version":[{"id":6013,"href":"https:\/\/affordablehousingactivation.org\/es\/wp-json\/wp\/v2\/posts\/5491\/revisions\/6013"}],"wp:featuredmedia":[{"embeddable":true,"href":"https:\/\/affordablehousingactivation.org\/es\/wp-json\/wp\/v2\/media\/5488"}],"wp:attachment":[{"href":"https:\/\/affordablehousingactivation.org\/es\/wp-json\/wp\/v2\/media?parent=5491"}],"wp:term":[{"taxonomy":"category","embeddable":true,"href":"https:\/\/affordablehousingactivation.org\/es\/wp-json\/wp\/v2\/categories?post=5491"},{"taxonomy":"post_tag","embeddable":true,"href":"https:\/\/affordablehousingactivation.org\/es\/wp-json\/wp\/v2\/tags?post=5491"},{"taxonomy":"barrera","embeddable":true,"href":"https:\/\/affordablehousingactivation.org\/es\/wp-json\/wp\/v2\/barrera?post=5491"},{"taxonomy":"pais","embeddable":true,"href":"https:\/\/affordablehousingactivation.org\/es\/wp-json\/wp\/v2\/pais?post=5491"}],"curies":[{"name":"wp","href":"https:\/\/api.w.org\/{rel}","templated":true}]}}