{"id":6485,"date":"2022-04-26T17:29:38","date_gmt":"2022-04-26T15:29:38","guid":{"rendered":"https:\/\/affordablehousingactivation.org\/?p=6485"},"modified":"2022-04-26T17:29:38","modified_gmt":"2022-04-26T15:29:38","slug":"el-foro-internacional-uia-2022-impulsa-mas-de-30-debates-en-todo-el-mundo-vinculados-con-la-accesibilidad-a-la-vivienda","status":"publish","type":"post","link":"https:\/\/affordablehousingactivation.org\/es\/el-foro-internacional-uia-2022-impulsa-mas-de-30-debates-en-todo-el-mundo-vinculados-con-la-accesibilidad-a-la-vivienda\/","title":{"rendered":"El Foro Internacional UIA 2022 impulsa m\u00e1s de 30 debates en todo el mundo vinculados con la accesibilidad a la vivienda"},"content":{"rendered":"<ul>\n<li><span data-contrast=\"auto\">Los actos se pueden seguir a trav\u00e9s de <\/span><a href=\"https:\/\/affordablehousingactivation.org\/\"><span data-contrast=\"none\">www.ahamadrid.com<\/span><\/a><span data-contrast=\"auto\">, la primera plataforma global de contenidos vinculados con la vivienda promovidos por instituciones y entidades internacionales.<\/span><span data-ccp-props=\"{&quot;201341983&quot;:0,&quot;335551550&quot;:6,&quot;335551620&quot;:6,&quot;335559739&quot;:160,&quot;335559740&quot;:240}\">\u00a0<\/span><\/li>\n<li><span data-contrast=\"auto\">En los eventos se debate en torno a las seis barreras identificadas por el consejo asesor del Foro Internacional UIA 2022 Affordable Housing Activation: Removing Barriers que impiden el acceso a una vivienda digna y adecuada.<\/span><span data-ccp-props=\"{&quot;201341983&quot;:0,&quot;335551550&quot;:6,&quot;335551620&quot;:6,&quot;335559739&quot;:160,&quot;335559740&quot;:240}\">\u00a0<\/span><\/li>\n<li><span data-contrast=\"auto\">Este viernes 22 de abril, ASPRIMA organiza un acto en Madrid que abordar\u00e1 la problem\u00e1tica de la financiaci\u00f3n de vivienda; y en el Roca Gallery de Barcelona, el pr\u00f3ximo 28 de abril se celebra el debate: \u201cBarcelona como agente de cambio: urbanismo y vivienda social\u201d.<\/span><\/li>\n<\/ul>\n<p>&nbsp;<\/p>\n<p><b><span data-contrast=\"auto\">Madrid, 20 de abril de 2022<\/span><\/b><span data-contrast=\"auto\">. El Foro Internacional UIA 2022 <\/span><i><span data-contrast=\"auto\">Affordable Housing Activation: Removing barriers <\/span><\/i><span data-contrast=\"auto\">acelera el impulso de debates en torno al acceso a la vivienda mediante la celebraci\u00f3n de m\u00e1s de 30 actos paralelos (Eventos AHA) en todo el mundo en el marco del Foro impulsado por la Uni\u00f3n Internacional de Arquitectos (UIA) y el Consejo Superior de los Colegios de Arquitectos de Espa\u00f1a (CSCAE).<\/span><span data-ccp-props=\"{&quot;201341983&quot;:0,&quot;335551550&quot;:6,&quot;335551620&quot;:6,&quot;335559739&quot;:160,&quot;335559740&quot;:240}\">\u00a0<\/span><\/p>\n<p><span data-contrast=\"auto\">Los actos, organizados por diferentes entidades internacionales, se organizan con el objetivo de iniciar el proceso de reflexi\u00f3n en torno a las principales barreras que impiden la accesibilidad a una vivienda, como la financiaci\u00f3n, los desequilibrios entre necesidades y producci\u00f3n de vivienda, por ejemplo; con el fin de abordar la problem\u00e1tica desde distintos \u00e1mbitos: desde el financiero, el regulatorio o cuestiones vinculadas con el urbanismo y el dise\u00f1o. El debate concluir\u00e1 en el Foro Internacional UIA 2022 <\/span><i><span data-contrast=\"auto\">Affordable Housing Activation: Removing barriers<\/span><\/i><span data-contrast=\"auto\"> que se celebra en Madrid, del 18 al 20 de mayo, y que convertir\u00e1 la capital de Espa\u00f1a en el epicentro del debate global en torno a la accesibilidad a la vivienda y que tiene como objetivo avanzar hacia una declaraci\u00f3n multilateral.\u00a0<\/span><span data-ccp-props=\"{&quot;201341983&quot;:0,&quot;335551550&quot;:6,&quot;335551620&quot;:6,&quot;335559739&quot;:160,&quot;335559740&quot;:240}\">\u00a0<\/span><\/p>\n<h2><b><span data-contrast=\"auto\">Eventos m\u00e1s relevantes en Espa\u00f1a<\/span><\/b><span data-ccp-props=\"{&quot;201341983&quot;:0,&quot;335551550&quot;:6,&quot;335551620&quot;:6,&quot;335559739&quot;:160,&quot;335559740&quot;:240}\">\u00a0<\/span><\/h2>\n<p><span data-contrast=\"auto\">Entre los actos m\u00e1s relevantes que se van a celebrar en Espa\u00f1a, cabe destacar la mesa redonda \u201c\u00bfC\u00f3mo financiar la problem\u00e1tica de la vivienda?\u201d organizada por ASPRIMA el pr\u00f3ximo 22 de abril; el debate que se celebrar\u00e1 en la Roca Gallery de Barcelona bajo el t\u00edtulo \u201cBarcelona como agente de cambio: urbanismo y vivienda social\u201d el 28 de abril; o la conferencia \u201cEl Modelo vien\u00e9s: viviendas para la ciudad del siglo XXI\u201d impulsado por Guiding Architects Barcelona, que tiene lugar en Madrid el pr\u00f3ximo 5 de mayo.\u00a0<\/span><span data-ccp-props=\"{&quot;201341983&quot;:0,&quot;335551550&quot;:6,&quot;335551620&quot;:6,&quot;335559739&quot;:160,&quot;335559740&quot;:240}\">\u00a0<\/span><\/p>\n<p><b><span data-contrast=\"none\">Marta Vall-llossera Ferran, presidenta del CSCAE<\/span><\/b><span data-contrast=\"none\">, <\/span><span data-contrast=\"auto\">ha subrayado la vocaci\u00f3n internacional del foro: \u201cPor unos motivos u otros, el derecho universal a disfrutar de una vivienda adecuada se ha convertido en un problema en todos los rincones del planeta. La multitud de eventos paralelos que hemos conseguido activar en todo el mundo, en el marco del Foro Internacional UIA 2022, refleja la preocupaci\u00f3n que compartimos los profesionales e instituciones y organismos a todas las escalas para abordar el problema en su magnitud y tratar de buscar soluciones que redunden el bienestar de las personas\u201d.<\/span><span data-ccp-props=\"{&quot;201341983&quot;:0,&quot;335551550&quot;:6,&quot;335551620&quot;:6,&quot;335559739&quot;:160,&quot;335559740&quot;:240}\">\u00a0<\/span><\/p>\n<p><span data-contrast=\"auto\">Por su parte, la <\/span><b><span data-contrast=\"auto\">directora ejecutiva del foro<\/span><\/b><span data-contrast=\"auto\">, <\/span><b><span data-contrast=\"auto\">\u00c1ngela Baldellou, <\/span><\/b><span data-contrast=\"auto\">ha destacado: \u201cEsta serie de debates nos ayudar\u00e1 a impulsar la reflexi\u00f3n en torno a la accesibilidad de la vivienda, una de las mayores problem\u00e1ticas globales del siglo XXI, y a movilizar a actores internacionales de referencia con el fin de sentar las bases que nos permitan abordar este desaf\u00edo de manera colaborativa, aprendiendo de los casos ejemplares y desde una perspectiva global, capaz de sumar las necesarias visiones y factores\u00a0 identitarios socioecon\u00f3micos y culturales de las diferentes regiones del planeta. El objetivo es utilizar la plataforma digital y el Foro de Madrid para, a partir de las barreras identificadas y de los antecedentes analizados, del aprendizaje y de los datos, poder abordar una Agenda a medio y largo plazo como punto de inflexi\u00f3n para avanzar en las responsabilidades colectivas e individuales de cada agente y pasar a la acci\u00f3n\u201d.\u00a0\u00a0<\/span><span data-ccp-props=\"{&quot;201341983&quot;:0,&quot;335551550&quot;:6,&quot;335551620&quot;:6,&quot;335559739&quot;:160,&quot;335559740&quot;:240}\">\u00a0<\/span><\/p>\n<h2><b><span data-contrast=\"auto\">Todos los actos, disponibles en la primera plataforma global de <\/span><\/b><b><i><span data-contrast=\"auto\">housing<\/span><\/i><\/b><span data-ccp-props=\"{&quot;201341983&quot;:0,&quot;335551550&quot;:6,&quot;335551620&quot;:6,&quot;335559739&quot;:160,&quot;335559740&quot;:240}\">\u00a0<\/span><\/h2>\n<p><span data-contrast=\"auto\">El Foro Internacional UIA 2022 es un evento de m\u00e1ximo impacto internacional cuyo objetivo es contribuir a mejorar el acceso a una vivienda digna y adecuada en todo el mundo, a trav\u00e9s de la generaci\u00f3n de redes y alianzas globales que promuevan el conocimiento compartido. Para ello, el Foro cuenta con la primera plataforma global de contenidos vinculados con la accesibilidad a la vivienda en la que participan expertos\/as internacionales del \u00e1mbito de la arquitectura, la gobernanza, la energ\u00eda, la ingenier\u00eda, la econom\u00eda, el urbanismo, el medio ambiente, la sociolog\u00eda, el dise\u00f1o, la tecnolog\u00eda y la innovaci\u00f3n, y que contar\u00e1 con Inteligencia Artificial y los primeros Atlas din\u00e1micos vinculados con\u00a0 miles de indicadores cualitativos provenientes de cientos de bases de datos.<\/span><span data-ccp-props=\"{&quot;201341983&quot;:0,&quot;335551550&quot;:6,&quot;335551620&quot;:6,&quot;335559739&quot;:160,&quot;335559740&quot;:240}\">\u00a0<\/span><\/p>\n<p><span data-contrast=\"auto\">La p\u00e1gina web <\/span><a href=\"https:\/\/affordablehousingactivation.org\/\"><span data-contrast=\"none\">www.ahamadrid.com<\/span><\/a><span data-contrast=\"auto\"> sirve de plataforma donde se emitir\u00e1n los eventos paralelos que se celebran en todo el mundo y se compartir\u00e1n casos ejemplares de los cinco continentes y las visiones espec\u00edficas desde el an\u00e1lisis de las barreras que dificultan el acceso a la vivienda. En este sentido, se plantean soluciones y miradas integrales capaces de \u201ccoser\u201d las barreras desde la arquitectura y el urbanismo, e involucrando a todos los agentes con capacidad para marcar l\u00edneas de actuaci\u00f3n a largo plazo, en torno a un futuro acuerdo internacional con el m\u00e1ximo respaldo de organizaciones, gobiernos, entidades e instituciones; capaz de concentrar y consensuar las claves m\u00ednimas de habitabilidad de la mano de la sostenibilidad.\u00a0<\/span><span data-ccp-props=\"{&quot;201341983&quot;:0,&quot;335551550&quot;:6,&quot;335551620&quot;:6,&quot;335559739&quot;:160,&quot;335559740&quot;:240}\">\u00a0<\/span><\/p>\n<h2><b><span data-contrast=\"auto\">Pr\u00f3ximos eventos del Foro Internacional UIA 2022\u00a0<\/span><\/b><span data-ccp-props=\"{&quot;201341983&quot;:0,&quot;335551550&quot;:6,&quot;335551620&quot;:6,&quot;335559739&quot;:160,&quot;335559740&quot;:259}\">\u00a0<\/span><\/h2>\n<ul>\n<li><span data-contrast=\"auto\"><strong>22 de abril.<\/strong> Madrid (Espa\u00f1a). ASPRIMA: Mesa Redonda: \u201c\u00bfC\u00f3mo financiar la producci\u00f3n de vivienda?\u201d.<\/span><span data-ccp-props=\"{&quot;201341983&quot;:0,&quot;335551550&quot;:6,&quot;335551620&quot;:6,&quot;335559739&quot;:160,&quot;335559740&quot;:259}\">\u00a0<\/span><\/li>\n<li><span data-contrast=\"auto\"><strong>22 de abril.<\/strong> Tuxpan (Mexico). FERCAM: \u201cVivienda resiliente en Tuxpan, Nayarit\u201d.<\/span><span data-ccp-props=\"{&quot;201341983&quot;:0,&quot;335551550&quot;:6,&quot;335551620&quot;:6,&quot;335559739&quot;:160,&quot;335559740&quot;:259}\">\u00a0<\/span><\/li>\n<li><strong>26 de abril<\/strong>. Montevideo (Uruguay). SAU: \u00abActualizaci\u00f3n de la reglamentaci\u00f3n departamental de accesibilidad en Montevideo\u00bb<\/li>\n<li><span data-contrast=\"auto\"><strong>28 de abril.<\/strong> Barcelona (Espa\u00f1a). Roca Gallery: \u201cBarcelona como agente de cambio. Urbanismo y vivienda social\u201d.<\/span><span data-ccp-props=\"{&quot;201341983&quot;:0,&quot;335551550&quot;:6,&quot;335551620&quot;:6,&quot;335559739&quot;:160,&quot;335559740&quot;:259}\">\u00a0<\/span><\/li>\n<li><span data-contrast=\"auto\"><strong>29 de abril.<\/strong> Beijing (China). Roca Gallery: \u201cChina focus. Affordable housing research\u201d.<\/span><span data-ccp-props=\"{&quot;201341983&quot;:0,&quot;335551550&quot;:6,&quot;335551620&quot;:6,&quot;335559739&quot;:160,&quot;335559740&quot;:259}\">\u00a0<\/span><\/li>\n<li><span data-contrast=\"auto\"><strong>30 de abril.<\/strong> Quezon City (Filipinas). UIA: \u201cRebuilding Homes from Typhoon Odette: A Post-Disaster Round-table Discussion\u201d.<\/span><span data-ccp-props=\"{&quot;201341983&quot;:0,&quot;335551550&quot;:6,&quot;335551620&quot;:6,&quot;335559739&quot;:160,&quot;335559740&quot;:259}\">\u00a0<\/span><\/li>\n<li><span data-contrast=\"auto\"><strong>4 de mayo.<\/strong> Virtual: Acci\u00f3n Legislativa para la promoci\u00f3n de la Vivienda adecuada y asequible<\/span><span data-ccp-props=\"{&quot;201341983&quot;:0,&quot;335551550&quot;:6,&quot;335551620&quot;:6,&quot;335559739&quot;:160,&quot;335559740&quot;:259}\">\u00a0<\/span><\/li>\n<li><span data-contrast=\"auto\"><strong>5 de mayo.<\/strong> Madrid (Espa\u00f1a). COAM: Exposici\u00f3n \u201cTransformar a gran escala, nuevo reto de la sostenibilidad. Kleiburg en Amsterdam, Grand Parc en Burdeos\u00bb Fundacion Mies van der Rohe\u00a0<\/span><span data-ccp-props=\"{&quot;201341983&quot;:0,&quot;335551550&quot;:6,&quot;335551620&quot;:6,&quot;335559739&quot;:160,&quot;335559740&quot;:259}\">\u00a0<\/span><\/li>\n<li><span data-contrast=\"auto\"><strong>5 de mayo.<\/strong> Madrid (Espa\u00f1a). Guiding Architects Barcelona. Exposici\u00f3n: \u201cEl Modelo vien\u00e9s. Viviendas para la ciudad del siglo XXI\u201d.\u00a0<\/span><span data-ccp-props=\"{&quot;201341983&quot;:0,&quot;335551550&quot;:6,&quot;335551620&quot;:6,&quot;335559739&quot;:160,&quot;335559740&quot;:259}\">\u00a0<\/span><\/li>\n<li><span data-contrast=\"auto\"><strong>6 de mayo.<\/strong> Brasil. Consejo de Arquitectura y Urbanismo de Brasil (CAU): \u201cA proposal of Cau Brasil to foster decente housing for all\u201d<\/span><span data-ccp-props=\"{&quot;201341983&quot;:0,&quot;335551550&quot;:6,&quot;335551620&quot;:6,&quot;335559739&quot;:160,&quot;335559740&quot;:259}\">\u00a0<\/span><\/li>\n<li><span data-contrast=\"auto\"><strong>8 de mayo.<\/strong> Madrid (Espa\u00f1a). Fundaci\u00f3n ICO: \u201cAnna Heringer: la belleza esencial. Exposici\u00f3n monogr\u00e1fica sobre la arquitecta alemana\u201d.<\/span><span data-ccp-props=\"{&quot;201341983&quot;:0,&quot;335551550&quot;:6,&quot;335551620&quot;:6,&quot;335559739&quot;:160,&quot;335559740&quot;:259}\">\u00a0<\/span><\/li>\n<li><span data-contrast=\"auto\"><strong>10 de mayo.<\/strong> Madrid (Espa\u00f1a). Roca Gallery: \u201cThe House we want\u201d.<\/span><span data-ccp-props=\"{&quot;201341983&quot;:0,&quot;335551550&quot;:6,&quot;335551620&quot;:6,&quot;335559739&quot;:160,&quot;335559740&quot;:259}\">\u00a0<\/span><\/li>\n<li><span data-contrast=\"auto\"><strong>11 de mayo.<\/strong> Shangai (China). Roca Gallery: \u201cHousing challanges. China &amp; Practice\u201d.<\/span><span data-ccp-props=\"{&quot;201341983&quot;:0,&quot;335551550&quot;:6,&quot;335551620&quot;:6,&quot;335559739&quot;:160,&quot;335559740&quot;:259}\">\u00a0<\/span><\/li>\n<li><span data-contrast=\"auto\"><strong>11 de mayo.<\/strong> Buenos Aires (Argentina). UIA: \u201cAn\u00e1lisis de costos entre vivienda accesibles y no accesibles y su relaci\u00f3n con los costos de las ca\u00eddas de las Personas Mayores\u201d.<\/span><span data-ccp-props=\"{&quot;201341983&quot;:0,&quot;335551550&quot;:6,&quot;335551620&quot;:6,&quot;335559739&quot;:160,&quot;335559740&quot;:259}\">\u00a0<\/span><\/li>\n<li><span data-contrast=\"auto\"><strong>11 de mayo.<\/strong> Per\u00fa. UIA. Vanessa Zadel Ronald McDonald House \u201cA home away from home: accessible design guide for temporary housing to support families in situation of vulnerability\u201d.<\/span><span data-ccp-props=\"{&quot;201341983&quot;:0,&quot;335551550&quot;:6,&quot;335551620&quot;:6,&quot;335559739&quot;:160,&quot;335559740&quot;:259}\">\u00a0<\/span><\/li>\n<li><span data-contrast=\"auto\"><strong>12 de mayo.<\/strong> Ciudad de Mexico (Mexico). UIA: \u201cValoraci\u00f3n del entorno por inferencia estad\u00edstica, involucramiento del profesional de la arquitectura para el aprovechamiento de informaci\u00f3n estad\u00edstica y la identificaci\u00f3n de problemas p\u00fablicos\u201d.<\/span><span data-ccp-props=\"{&quot;201341983&quot;:0,&quot;335551550&quot;:6,&quot;335551620&quot;:6,&quot;335559739&quot;:160,&quot;335559740&quot;:259}\">\u00a0<\/span><\/li>\n<li><span data-contrast=\"auto\"><strong>12 de mayo.<\/strong> Uruguay. UIA: \u201cTechnical standards for accessible affordable housing\u201d<\/span><span data-ccp-props=\"{&quot;201341983&quot;:0,&quot;335551550&quot;:6,&quot;335551620&quot;:6,&quot;335559739&quot;:160,&quot;335559740&quot;:259}\">\u00a0<\/span><\/li>\n<li><span data-contrast=\"auto\"><strong>13 de mayo.<\/strong> Chile. UIA: \u201cEstudio de soluciones t\u00e9cnicas en accesibilidad universal para obras urbanas y vivienda\u201d.<\/span><span data-ccp-props=\"{&quot;201341983&quot;:0,&quot;335551550&quot;:6,&quot;335551620&quot;:6,&quot;335559739&quot;:160,&quot;335559740&quot;:259}\">\u00a0<\/span><\/li>\n<li><span data-contrast=\"auto\"><strong>13 y 14 de mayo.<\/strong> Colombia. UIA: \u201cForo Internacion de vivienda AHA &#8211; el caso colombiano\u201d<\/span><span data-ccp-props=\"{&quot;201341983&quot;:0,&quot;335551550&quot;:6,&quot;335551620&quot;:6,&quot;335559739&quot;:160,&quot;335559740&quot;:259}\">\u00a0<\/span><\/li>\n<li><span data-contrast=\"none\"><strong>16 de mayo.<\/strong> Lituania. Architects Association of Lithuania (Exposici\u00f3n).<\/span><span data-ccp-props=\"{&quot;201341983&quot;:0,&quot;335551550&quot;:6,&quot;335551620&quot;:6,&quot;335559739&quot;:160,&quot;335559740&quot;:259}\">\u00a0<\/span><\/li>\n<li><span data-contrast=\"auto\"><strong>17 de mayo.<\/strong> Madrid (Espa\u00f1a) &#8211; Colegio de Arquitectos de Madrid (COAM): \u201cEncuentro entre el arquitecto y profesor Tanos Tanoulas\u00a0 y estudiantes de las universidades de arquitectura de Madrid\u201d.<\/span><span data-ccp-props=\"{&quot;201341983&quot;:0,&quot;335551550&quot;:6,&quot;335551620&quot;:6,&quot;335559739&quot;:160,&quot;335559740&quot;:259}\">\u00a0<\/span><\/li>\n<li><span data-contrast=\"auto\"><strong>17 de mayo. <\/strong>Madrid. Real Estate Advisory Group (REM). Panel: \u201cSources of lack of housing affordability: an evidence from different countries\u201d.<\/span><span data-ccp-props=\"{&quot;201341983&quot;:0,&quot;335551550&quot;:6,&quot;335551620&quot;:6,&quot;335559739&quot;:160,&quot;335559740&quot;:259}\">\u00a0<\/span><\/li>\n<li><span data-contrast=\"auto\"><strong>26 de mayo.<\/strong> Londres (UK). Roca Gallery: \u201cIn conversation with David Mikhail of Mikhail Riches\u201d.<\/span><span data-ccp-props=\"{&quot;201341983&quot;:0,&quot;335551550&quot;:6,&quot;335551620&quot;:6,&quot;335559739&quot;:160,&quot;335559740&quot;:259}\">\u00a0<\/span><\/li>\n<li><span data-contrast=\"auto\"><strong>2 de junio.<\/strong> Alicante (Espa\u00f1a). Arquitectos Sin Fronteras: \u201cPrograma Asertos, regeneraci\u00f3n comunitaria de barrios vulnerados\u201d. <\/span><span data-ccp-props=\"{&quot;201341983&quot;:0,&quot;335551550&quot;:6,&quot;335551620&quot;:6,&quot;335559739&quot;:160,&quot;335559740&quot;:259}\">\u00a0<\/span><\/li>\n<\/ul>\n<h2><b><span data-contrast=\"auto\">Eventos del Foro Internacional UIA 2022 ya celebrados en abril:<\/span><\/b><span data-ccp-props=\"{&quot;201341983&quot;:0,&quot;335551550&quot;:6,&quot;335551620&quot;:6,&quot;335559739&quot;:160,&quot;335559740&quot;:259}\">\u00a0<\/span><\/h2>\n<ul>\n<li><span data-contrast=\"auto\"><strong>5 de abril.<\/strong> Suiza. Localizing the SDGs: Voluntary Local Reviews in the UNECE region. Experiences and good practices\u00a0<\/span><span data-ccp-props=\"{&quot;201341983&quot;:0,&quot;335551550&quot;:6,&quot;335551620&quot;:6,&quot;335559739&quot;:160,&quot;335559740&quot;:259}\">\u00a0<\/span><\/li>\n<li><span data-contrast=\"auto\"><strong>6, 7 y 8 de abril.<\/strong> Lisboa (Portugal). Ponencias, exposiciones y mesa redonda con motivo de la Semana da Reabilita\u00e7\u00e3o Urbana de Lisboa<\/span><span data-ccp-props=\"{&quot;201341983&quot;:0,&quot;335551550&quot;:6,&quot;335551620&quot;:6,&quot;335559739&quot;:160,&quot;335559740&quot;:259}\">\u00a0<\/span><\/li>\n<li><span data-contrast=\"auto\"><strong>6 de abril.<\/strong> Suiza #Housing2030, effective policies for affordable housing in the UNECE region\u00a0<\/span><span data-ccp-props=\"{&quot;201341983&quot;:0,&quot;335551550&quot;:6,&quot;335551620&quot;:6,&quot;335559739&quot;:160,&quot;335559740&quot;:259}\">\u00a0<\/span><\/li>\n<li><span data-contrast=\"auto\"><strong>7 de abril.<\/strong> Suiza. Scaling-up financing for Sustainable Urban Infrastructure \u2013\u00a0 Experiences from the UNECE Region<\/span><span data-ccp-props=\"{&quot;201341983&quot;:0,&quot;335551550&quot;:6,&quot;335551620&quot;:6,&quot;335559739&quot;:160,&quot;335559740&quot;:259}\">\u00a0<\/span><\/li>\n<li><span data-contrast=\"auto\"><strong>8 de abril.<\/strong> Dhaka (Bangladesh) \u2013 Institute of Architects Bangladesh (IAB): Affordable Housing: reality or Myth?<\/span><span data-ccp-props=\"{&quot;201341983&quot;:0,&quot;335551550&quot;:6,&quot;335551620&quot;:6,&quot;335559739&quot;:160,&quot;335559740&quot;:259}\">\u00a0<\/span><\/li>\n<li><span data-contrast=\"auto\"><strong>11 de abril.<\/strong> Lituania. Architects Association of Lithuania: \u201cHolistic renovation of modern housing\u201d<\/span><span data-ccp-props=\"{&quot;201341983&quot;:0,&quot;335551550&quot;:6,&quot;335551620&quot;:6,&quot;335559739&quot;:160,&quot;335559740&quot;:259}\">\u00a0<\/span><\/li>\n<li><span data-contrast=\"auto\"><strong>11 de abril.<\/strong> Espa\u00f1a. ON Cities: \u201cAcci\u00f3n Legislativa para la promoci\u00f3n de vivienda adecuada y asequible\u201d<\/span><span data-ccp-props=\"{&quot;201341983&quot;:0,&quot;335551550&quot;:6,&quot;335551620&quot;:6,&quot;335559739&quot;:160,&quot;335559740&quot;:259}\">\u00a0<\/span><\/li>\n<li><span data-contrast=\"auto\"><strong>20 de abril.<\/strong> Madrid (Espa\u00f1a) \u2013 ASVAL: Mesa Redonda: \u00bfC\u00f3mo mejorar la accesibilidad a la vivienda a trav\u00e9s de la colaboraci\u00f3n p\u00fablico-privada?<\/span><span data-ccp-props=\"{&quot;201341983&quot;:0,&quot;335551550&quot;:6,&quot;335551620&quot;:6,&quot;335559739&quot;:160,&quot;335559740&quot;:259}\">\u00a0<\/span><\/li>\n<li><span data-contrast=\"auto\"><strong>20 de abril.<\/strong> Madrid (Espa\u00f1a). Roca Gallery \u201cThe cities we dream of\u201d<\/span><span data-ccp-props=\"{&quot;201341983&quot;:0,&quot;335551550&quot;:6,&quot;335551620&quot;:6,&quot;335559739&quot;:160,&quot;335559740&quot;:259}\">\u00a0<\/span><\/li>\n<li><span data-contrast=\"auto\"><strong>20 de abril.<\/strong> Virtual. OnCities2030 y CJUR: Legislaci\u00f3n Urbana para la Vivienda Adecuada y Asequible<\/span><span data-ccp-props=\"{&quot;201341983&quot;:0,&quot;335551550&quot;:6,&quot;335551620&quot;:6,&quot;335559739&quot;:160,&quot;335559740&quot;:259}\">\u00a0<\/span><\/li>\n<\/ul>\n","protected":false},"excerpt":{"rendered":"<p>Los actos se pueden seguir a trav\u00e9s de www.ahamadrid.com, la primera plataforma global de contenidos vinculados con la vivienda promovidos por instituciones y entidades internacionales.\u00a0 En los eventos se debate [&hellip;]<\/p>\n","protected":false},"author":392,"featured_media":6489,"comment_status":"closed","ping_status":"closed","sticky":false,"template":"","format":"standard","meta":{"_price":"","_stock":"","_tribe_ticket_header":"","_tribe_default_ticket_provider":"","_tribe_ticket_capacity":"0","_ticket_start_date":"","_ticket_end_date":"","_tribe_ticket_show_description":"","_tribe_ticket_show_not_going":false,"_tribe_ticket_use_global_stock":"","_tribe_ticket_global_stock_level":"","_global_stock_mode":"","_global_stock_cap":"","_tribe_rsvp_for_event":"","_tribe_ticket_going_count":"","_tribe_ticket_not_going_count":"","_tribe_tickets_list":[],"_tribe_ticket_has_attendee_info_fields":false},"categories":[45],"tags":[],"barrera":[],"pais":[],"acf":[],"_links":{"self":[{"href":"https:\/\/affordablehousingactivation.org\/es\/wp-json\/wp\/v2\/posts\/6485"}],"collection":[{"href":"https:\/\/affordablehousingactivation.org\/es\/wp-json\/wp\/v2\/posts"}],"about":[{"href":"https:\/\/affordablehousingactivation.org\/es\/wp-json\/wp\/v2\/types\/post"}],"author":[{"embeddable":true,"href":"https:\/\/affordablehousingactivation.org\/es\/wp-json\/wp\/v2\/users\/392"}],"replies":[{"embeddable":true,"href":"https:\/\/affordablehousingactivation.org\/es\/wp-json\/wp\/v2\/comments?post=6485"}],"version-history":[{"count":1,"href":"https:\/\/affordablehousingactivation.org\/es\/wp-json\/wp\/v2\/posts\/6485\/revisions"}],"predecessor-version":[{"id":6491,"href":"https:\/\/affordablehousingactivation.org\/es\/wp-json\/wp\/v2\/posts\/6485\/revisions\/6491"}],"wp:featuredmedia":[{"embeddable":true,"href":"https:\/\/affordablehousingactivation.org\/es\/wp-json\/wp\/v2\/media\/6489"}],"wp:attachment":[{"href":"https:\/\/affordablehousingactivation.org\/es\/wp-json\/wp\/v2\/media?parent=6485"}],"wp:term":[{"taxonomy":"category","embeddable":true,"href":"https:\/\/affordablehousingactivation.org\/es\/wp-json\/wp\/v2\/categories?post=6485"},{"taxonomy":"post_tag","embeddable":true,"href":"https:\/\/affordablehousingactivation.org\/es\/wp-json\/wp\/v2\/tags?post=6485"},{"taxonomy":"barrera","embeddable":true,"href":"https:\/\/affordablehousingactivation.org\/es\/wp-json\/wp\/v2\/barrera?post=6485"},{"taxonomy":"pais","embeddable":true,"href":"https:\/\/affordablehousingactivation.org\/es\/wp-json\/wp\/v2\/pais?post=6485"}],"curies":[{"name":"wp","href":"https:\/\/api.w.org\/{rel}","templated":true}]}}