{"id":6500,"date":"2022-04-26T17:52:35","date_gmt":"2022-04-26T15:52:35","guid":{"rendered":"https:\/\/affordablehousingactivation.org\/?p=6500"},"modified":"2022-04-26T17:57:52","modified_gmt":"2022-04-26T15:57:52","slug":"nace-el-primer-diccionario-de-la-industrializacion-de-la-vivienda-en-espana","status":"publish","type":"post","link":"https:\/\/affordablehousingactivation.org\/es\/nace-el-primer-diccionario-de-la-industrializacion-de-la-vivienda-en-espana\/","title":{"rendered":"Nace el primer \u2018Diccionario de la industrializaci\u00f3n de la vivienda\u2019 en Espa\u00f1a"},"content":{"rendered":"<ul>\n<li><span data-contrast=\"none\">La publicaci\u00f3n ha sido elaborada por <\/span><a href=\"https:\/\/www.aedashomes.com\/\" target=\"_blank\" rel=\"noopener\"><span data-contrast=\"none\">AEDAS Homes<\/span><\/a><span data-contrast=\"none\">, <\/span><a href=\"https:\/\/www.avitasystem.com\/\" target=\"_blank\" rel=\"noopener\"><span data-contrast=\"none\">\u00c1VIT-A by Avintia Grupo<\/span><\/a><span data-contrast=\"none\">, <\/span><a href=\"https:\/\/theprototipocompany.com\/\" target=\"_blank\" rel=\"noopener\"><span data-contrast=\"none\">The Prototipo Company<\/span><\/a><span data-contrast=\"none\">,<\/span> <a href=\"https:\/\/byurbania.com\/\" target=\"_blank\" rel=\"noopener\"><span data-contrast=\"none\">By Urbania<\/span><\/a> <span data-contrast=\"auto\">y <\/span><a href=\"https:\/\/www.011h.com\/\" target=\"_blank\" rel=\"noopener\"><span data-contrast=\"none\">011h<\/span><\/a><span data-contrast=\"none\">, organizaciones comprometidas con la transformaci\u00f3n de la construcci\u00f3n residencial.\u00a0<\/span><span data-ccp-props=\"{&quot;335551550&quot;:6,&quot;335551620&quot;:6,&quot;335559685&quot;:-142,&quot;335559737&quot;:-1554,&quot;335559740&quot;:360,&quot;335559991&quot;:340,&quot;469777462&quot;:[7655],&quot;469777927&quot;:[0],&quot;469777928&quot;:[1]}\">\u00a0<\/span><\/li>\n<li><span data-contrast=\"none\">Este diccionario, que ha contado con la colaboraci\u00f3n del <\/span><span data-contrast=\"auto\">Consejo Superior de los Colegios de Arquitectos de Espa\u00f1a (CSCAE)<\/span><span data-contrast=\"none\">, define un centenar de t\u00e9rminos relacionados con la edificaci\u00f3n industrializada <\/span><br \/>\n<span data-contrast=\"none\">y se presenta con un marcado car\u00e1cter did\u00e1ctico y con vocaci\u00f3n de mejorar en futuras ediciones.<\/span><span data-ccp-props=\"{&quot;335551550&quot;:6,&quot;335551620&quot;:6,&quot;335559685&quot;:-142,&quot;335559737&quot;:-1554,&quot;335559740&quot;:360,&quot;335559991&quot;:340,&quot;469777462&quot;:[7655],&quot;469777927&quot;:[0],&quot;469777928&quot;:[1]}\">\u00a0<\/span><\/li>\n<li><a href=\"https:\/\/www.youtube.com\/watch?v=e9IPAdOpQOI\" target=\"_blank\" rel=\"noopener\"><span data-contrast=\"none\">V\u00cdDEO: Presentaci\u00f3n del diccionario y Foro \u2018Industrializando la vivienda. Lecciones aprendidas\u2019<\/span><\/a><span data-contrast=\"none\">.<\/span><span data-ccp-props=\"{&quot;335551550&quot;:6,&quot;335551620&quot;:6,&quot;335559685&quot;:0,&quot;335559737&quot;:-703,&quot;335559740&quot;:360,&quot;335559991&quot;:340,&quot;469777462&quot;:[7655],&quot;469777927&quot;:[0],&quot;469777928&quot;:[1]}\">\u00a0<\/span><\/li>\n<\/ul>\n<p>&nbsp;<\/p>\n<p><b><span data-contrast=\"none\">Madrid 20 de abril de 2022.-<\/span><\/b><span data-contrast=\"none\"> El primer \u2018Diccionario de la industrializaci\u00f3n de la vivienda\u2019 en Espa\u00f1a ha visto la luz de la mano de <\/span><a href=\"https:\/\/www.aedashomes.com\/\" target=\"_blank\" rel=\"noopener\"><span data-contrast=\"none\">AEDAS Homes<\/span><\/a><span data-contrast=\"none\">, <\/span><a href=\"https:\/\/www.avitasystem.com\/\" target=\"_blank\" rel=\"noopener\"><span data-contrast=\"none\">\u00c1VIT-A by Avintia Grupo<\/span><\/a><span data-contrast=\"none\">, <\/span><a href=\"https:\/\/theprototipocompany.com\/\" target=\"_blank\" rel=\"noopener\"><span data-contrast=\"none\">The Prototipo Company<\/span><\/a><span data-contrast=\"none\">,<\/span> <a href=\"https:\/\/byurbania.com\/\" target=\"_blank\" rel=\"noopener\"><span data-contrast=\"none\">By Urbania<\/span><\/a> <span data-contrast=\"auto\">y <\/span><a href=\"https:\/\/www.011h.com\/\" target=\"_blank\" rel=\"noopener\"><span data-contrast=\"none\">011h<\/span><\/a><span data-contrast=\"none\">, organizaciones punteras y <\/span><span data-contrast=\"none\">comprometidas con la transformaci\u00f3n de la construcci\u00f3n de la edificaci\u00f3n residencial. <\/span><span data-contrast=\"auto\">La publicaci\u00f3n, que ha contado con la colaboraci\u00f3n del <\/span><a href=\"http:\/\/www.cscae.com\/\" target=\"_blank\" rel=\"noopener\"><span data-contrast=\"none\">Consejo Superior de los Colegios de Arquitectos de Espa\u00f1a (CSCAE)<\/span><\/a><span data-contrast=\"auto\">, define un centenar de t\u00e9rminos relacionados con la edificaci\u00f3n industrializada, tiene un marcado car\u00e1cter did\u00e1ctico e ir\u00e1 complet\u00e1ndose en futuras ediciones.\u00a0<\/span><span data-ccp-props=\"{&quot;335551550&quot;:6,&quot;335551620&quot;:6,&quot;335559737&quot;:-703,&quot;335559740&quot;:360}\">\u00a0<\/span><\/p>\n<p><span data-contrast=\"none\">Este primer \u2018Diccionario de la industrializaci\u00f3n de la vivienda\u2019 en Espa\u00f1a nace con un <\/span><b><span data-contrast=\"none\">doble objetivo<\/span><\/b><span data-contrast=\"none\">: poner en com\u00fan un vocabulario que cada vez suena m\u00e1s -y con m\u00e1s fuerza- en el sector de la promoci\u00f3n residencial en Espa\u00f1a e impulsar la modernizaci\u00f3n de la construcci\u00f3n.<\/span><span data-ccp-props=\"{&quot;335551550&quot;:6,&quot;335551620&quot;:6,&quot;335559737&quot;:-703,&quot;335559740&quot;:360}\">\u00a0<\/span><\/p>\n<p><span data-contrast=\"none\">\u201cEl \u2018Diccionario de la industrializaci\u00f3n de la vivienda\u2019 busca <\/span><b><span data-contrast=\"none\">transmitir y explicar todos los conceptos<\/span><\/b><span data-contrast=\"none\"> que envuelven al innovador sistema constructivo que representa la industrializaci\u00f3n para que el lector comprenda, de una manera sencilla y r\u00e1pida, qu\u00e9 significa industrializar la producci\u00f3n de viviendas\u201d, ha explicado Jos\u00e9 Mar\u00eda Quir\u00f3s, Delegado de Industrializaci\u00f3n de AEDAS Homes y coordinador de esta pionera publicaci\u00f3n, durante la presentaci\u00f3n, que se ha celebrado en la sede del CSCAE y que tambi\u00e9n forma parte de los eventos paralelos del Foro Internacional UIA 2022 \u201cAffordable Housing Activation\u201d.<\/span><span data-ccp-props=\"{&quot;335551550&quot;:6,&quot;335551620&quot;:6,&quot;335559737&quot;:-703,&quot;335559740&quot;:360}\">\u00a0<\/span><\/p>\n<p><span data-contrast=\"none\">Por su parte, la presidenta del CSCAE, Marta Vall-llosera, ha valorado la iniciativa de este grupo de empresas: <\/span><b><span data-contrast=\"none\">\u201cServir\u00e1 para que la ciudadan\u00eda conozca en qu\u00e9 consiste la industrializaci\u00f3n en la promoci\u00f3n de viviendas<\/span><\/b><span data-contrast=\"none\">, as\u00ed como la labor de modernizaci\u00f3n del conjunto del sector para adaptarse a los retos actuales, apostando por nuevos procesos y materiales que redunden en la calidad del entorno construido\u201d.\u00a0<\/span><span data-ccp-props=\"{&quot;335551550&quot;:6,&quot;335551620&quot;:6,&quot;335559737&quot;:-845,&quot;335559740&quot;:360}\">\u00a0<\/span><\/p>\n<p><span data-contrast=\"none\">Entre el <\/span><b><span data-contrast=\"none\">l\u00e9xico<\/span><\/b><span data-contrast=\"none\"> del primer diccionario de la industrializaci\u00f3n en Espa\u00f1a se encuentran t\u00e9rminos como <\/span><i><span data-contrast=\"none\">2D <\/span><\/i><span data-contrast=\"none\">y<\/span><i><span data-contrast=\"none\"> 3D, Automatizaci\u00f3n, BIM, Cadena de montaje, Certidumbre, Conciliaci\u00f3n, Confort, Digitalizaci\u00f3n, Ecodise\u00f1o, Ensamblar, Igualdad, Integraci\u00f3n social, Know how, Madera, M\u00e9todos Modernos de Construcci\u00f3n (MMC), Modular, Mujer, ODS, Productividad, Profesionalizaci\u00f3n, Reciclaje, Resiliencia, Revoluci\u00f3n, Seguridad, Vanguardia<\/span><\/i><span data-contrast=\"none\"> y mucho m\u00e1s.<\/span><span data-ccp-props=\"{&quot;335551550&quot;:6,&quot;335551620&quot;:6,&quot;335559737&quot;:-703,&quot;335559740&quot;:360}\">\u00a0<\/span><\/p>\n<p><span data-contrast=\"auto\">Esta publicaci\u00f3n llega en un momento en el que la industrializaci\u00f3n de la <\/span><b><span data-contrast=\"auto\">promoci\u00f3n residencial, total o parcial, es ya una realidad en Espa\u00f1a<\/span><\/b><span data-contrast=\"auto\"> y est\u00e1 basada en los M\u00e9todos Modernos de Construcci\u00f3n (MMC). Se trata de una edificaci\u00f3n, conocida tambi\u00e9n como <\/span><i><span data-contrast=\"auto\">Offsite<\/span><\/i><span data-contrast=\"auto\">, <\/span><b><span data-contrast=\"auto\">inteligente<\/span><\/b><span data-contrast=\"auto\"> y que a\u00fana <\/span><b><span data-contrast=\"auto\">digitalizaci\u00f3n, tecnolog\u00eda, innovaci\u00f3n y sostenibilidad. <\/span><\/b><span data-contrast=\"auto\">\u201cLa industrializaci\u00f3n est\u00e1 llamada a marcar la senda del futuro de la construcci\u00f3n aportando reducci\u00f3n en los plazos, mejor calidad de ejecuci\u00f3n o econom\u00eda de escala. Se alza como una soluci\u00f3n a grandes desaf\u00edos actuales del sector como el control de los costes, la atracci\u00f3n de mano de obra cualificada o el respeto al medio ambiente\u201d, se puede leer en el diccionario.\u00a0\u00a0<\/span><span data-ccp-props=\"{&quot;335551550&quot;:6,&quot;335551620&quot;:6,&quot;335559737&quot;:-703,&quot;335559740&quot;:360}\">\u00a0<\/span><\/p>\n<h2><b><span data-contrast=\"none\">Foro \u2018Industrializando la vivienda. Lecciones aprendidas\u2019<\/span><\/b><span data-ccp-props=\"{&quot;335551550&quot;:6,&quot;335551620&quot;:6,&quot;335559737&quot;:-703,&quot;335559740&quot;:360}\">\u00a0<\/span><\/h2>\n<p><span data-contrast=\"none\">Coincidiendo con la presentaci\u00f3n del primer \u2018Diccionario de la industrializaci\u00f3n de la vivienda\u2019 tambi\u00e9n se ha celebrado el <\/span><b><span data-contrast=\"none\">Foro \u2018Industrializando la vivienda. Lecciones aprendidas\u2019<\/span><\/b><span data-contrast=\"none\"> en el que han participado <\/span><b><span data-contrast=\"none\">Jos\u00e9 Mar\u00eda Quir\u00f3s<\/span><\/b><span data-contrast=\"none\">, Delegado de Industrializaci\u00f3n AEDAS Homes; <\/span><b><span data-contrast=\"none\">Jos\u00e9 Ignacio Esteban<\/span><\/b><span data-contrast=\"none\">, Director General \u00c1VIT-A; <\/span><b><span data-contrast=\"none\">Javier L\u00f3pez<\/span><\/b><span data-contrast=\"none\">, Director T\u00e9cnico de Urbania; <\/span><br \/>\n<span data-contrast=\"none\">y <\/span><b><span data-contrast=\"none\">Ferr\u00e1n Urgell\u00e9s<\/span><\/b><span data-contrast=\"none\">, Responsable de Industrializaci\u00f3n 011h. Un foro que ha contado con la conducci\u00f3n de <\/span><b><span data-contrast=\"none\">Beatriz Toribio, Analista Inmobiliaria. <\/span><\/b><span data-contrast=\"none\">[<\/span><a href=\"https:\/\/www.youtube.com\/watch?v=e9IPAdOpQOI\" target=\"_blank\" rel=\"noopener\"><b><span data-contrast=\"none\">Ver Foro<\/span><\/b><\/a><span data-contrast=\"none\">]<\/span><span data-ccp-props=\"{&quot;335551550&quot;:6,&quot;335551620&quot;:6,&quot;335559737&quot;:-703,&quot;335559740&quot;:360}\">\u00a0<\/span><\/p>\n<p><span data-contrast=\"none\">Los participantes en el Foro han debatido sobre la experiencia de sus compa\u00f1\u00edas en la industrializaci\u00f3n de la construcci\u00f3n de la vivienda, las <\/span><b><span data-contrast=\"none\">recetas presentes y futuras del \u00e9xito\u00a0<\/span><\/b><span data-contrast=\"none\">\u00a0<\/span><span data-ccp-props=\"{&quot;335551550&quot;:6,&quot;335551620&quot;:6,&quot;335559737&quot;:-703,&quot;335559740&quot;:360}\">\u00a0<\/span><\/p>\n<p><span data-contrast=\"none\">de impulsar este innovador sistema constructivo, los <\/span><b><span data-contrast=\"none\">puntos de resistencia<\/span><\/b><span data-contrast=\"none\"> que se han encontrado, los <\/span><b><span data-contrast=\"none\">beneficios para el potencial comprador de una casa \u2018offsite\u2019<\/span><\/b><span data-contrast=\"none\">, los <\/span><b><span data-contrast=\"none\">nuevos materiales<\/span><\/b><span data-contrast=\"none\"> que se est\u00e1n incorporando a la fabricaci\u00f3n de las casas como la madera, la oportunidad que suponen <\/span><b><span data-contrast=\"none\">los fondos Next Generation<\/span><\/b><span data-contrast=\"none\"> para el desarrollo de esta actividad o <\/span><b><span data-contrast=\"none\">el futuro<\/span><\/b><span data-contrast=\"none\"> de los M\u00e9todos Modernos de Construcci\u00f3n (MMC).<\/span><span data-ccp-props=\"{&quot;335551550&quot;:6,&quot;335551620&quot;:6,&quot;335559737&quot;:-703,&quot;335559740&quot;:360}\">\u00a0<\/span><\/p>\n<p><span data-contrast=\"none\">Todos han coincidido en se\u00f1alar que iniciativas como la creaci\u00f3n del primer diccionario de la industrializaci\u00f3n en Espa\u00f1a hacen mejor el sector inmobiliario y suponen <\/span><b><span data-contrast=\"none\">un paso m\u00e1s hacia la necesaria innovaci\u00f3n que requiere el sector de la construcci\u00f3n y la promoci\u00f3n residencial.<\/span><\/b><span data-ccp-props=\"{&quot;335551550&quot;:6,&quot;335551620&quot;:6,&quot;335559737&quot;:-845,&quot;335559740&quot;:360}\">\u00a0<\/span><\/p>\n<h2><b><span data-contrast=\"auto\">Acerca del CSCAE<\/span><\/b><\/h2>\n<p><span data-contrast=\"none\">Creado en 1931, el CSCAE es el organismo que re\u00fane a todos los colegios de arquitectos de Espa\u00f1a para la defensa de la Arquitectura y la consecuci\u00f3n de los fines de inter\u00e9s com\u00fan general. Representa a los colegios y a los m\u00e1s de 47.000 profesionales que ejercen la Arquitectura de forma colegiada en nuestro pa\u00eds ante las corporaciones p\u00fablicas y privadas y ante los organismos internacionales.<\/span><span data-ccp-props=\"{&quot;335559737&quot;:-561,&quot;335559740&quot;:360}\">\u00a0<\/span><\/p>\n<h2><b><span data-contrast=\"auto\">Acerca del Foro Internacional UIA 2022<\/span><\/b><\/h2>\n<p><span data-contrast=\"none\">El Foro Internacional UIA 2022 \u201cAffordable Housing Activation\u201d es una iniciativa del CSCAE y la Uni\u00f3n Internacional de Arquitectos (UIA) que cuenta con la colaboraci\u00f3n del Ministerio de Transportes, Movilidad y Agenda Urbana, el Ayuntamiento de Madrid, la Comunidad de Madrid, ONU-Habitat y el Colegio de Arquitectos de Madrid (COAM). Su objetivo es identificar, analizar, debatir y clasificar, de una forma cient\u00edfica y rigurosa, las principales barreras que dificultan en cada pa\u00eds que el derecho a una vivienda digna y adecuada con el fin de avanzar, a medio y largo plazo, en posibles l\u00edneas de actuaci\u00f3n para plantear soluciones a este desaf\u00edo. Desde el mes de marzo se est\u00e1n celebrando eventos paralelos en todo el mundo para culminarar, los pr\u00f3ximos d\u00edas 18, 19 y 20 de mayo, en Madrid, en tres jornadas en las que participar\u00e1n m\u00e1s de 70 expertos\/as.<\/span><span data-ccp-props=\"{&quot;335559737&quot;:-561,&quot;335559740&quot;:360}\">\u00a0<\/span><\/p>\n<p><span data-contrast=\"none\">M\u00e1s informaci\u00f3n, en <\/span><a href=\"https:\/\/affordablehousingactivation.org\/\"><span data-contrast=\"none\">www.ahamadrid.com<\/span><\/a><span data-contrast=\"none\">,\u00a0\u00a0<\/span><span data-ccp-props=\"{&quot;335559737&quot;:-561,&quot;335559740&quot;:360}\">\u00a0<\/span><\/p>\n<p><span data-ccp-props=\"{&quot;335559737&quot;:-561,&quot;335559740&quot;:360}\">\u00a0<\/span><\/p>\n<p><b><span data-contrast=\"none\">CONTACTO PRENSA<\/span><\/b><span data-ccp-props=\"{}\">\u00a0<\/span><\/p>\n<ul>\n<li><em><b>Hill &amp; Knowlton<\/b>\u00a0<\/em><\/li>\n<li><em>Francesc Casas\u00a0<\/em><\/li>\n<li><em><a href=\"mailto:francesc.casas@hkstrategies.com\">francesc.casas@hkstrategies.com<\/a>\u00a0<\/em><\/li>\n<li><em>696452005\u00a0<\/em><\/li>\n<\/ul>\n<p><b><span data-contrast=\"none\">CSCAE<\/span><\/b><\/p>\n<ul>\n<li><em>Nuria L\u00f3pez Priego\u00a0<\/em><\/li>\n<li><em>Directora de Comunicaci\u00f3n\u00a0<\/em><\/li>\n<li><em><a href=\"mailto:directoracomunicacion@cscae.com\">directoracomunicacion@cscae.com<\/a>\u00a0<\/em><\/li>\n<li><em>679 04 40 06\u00a0<\/em><\/li>\n<\/ul>\n<p><span data-ccp-props=\"{&quot;335559737&quot;:-561,&quot;335559740&quot;:360}\">\u00a0<\/span><\/p>\n","protected":false},"excerpt":{"rendered":"<p>La publicaci\u00f3n ha sido elaborada por AEDAS Homes, \u00c1VIT-A by Avintia Grupo, The Prototipo Company, By Urbania y 011h, organizaciones comprometidas con la transformaci\u00f3n de la construcci\u00f3n residencial.\u00a0\u00a0 Este diccionario, [&hellip;]<\/p>\n","protected":false},"author":392,"featured_media":6498,"comment_status":"closed","ping_status":"closed","sticky":false,"template":"","format":"standard","meta":{"_price":"","_stock":"","_tribe_ticket_header":"","_tribe_default_ticket_provider":"","_tribe_ticket_capacity":"0","_ticket_start_date":"","_ticket_end_date":"","_tribe_ticket_show_description":"","_tribe_ticket_show_not_going":false,"_tribe_ticket_use_global_stock":"","_tribe_ticket_global_stock_level":"","_global_stock_mode":"","_global_stock_cap":"","_tribe_rsvp_for_event":"","_tribe_ticket_going_count":"","_tribe_ticket_not_going_count":"","_tribe_tickets_list":[],"_tribe_ticket_has_attendee_info_fields":false},"categories":[45],"tags":[],"barrera":[],"pais":[],"acf":[],"_links":{"self":[{"href":"https:\/\/affordablehousingactivation.org\/es\/wp-json\/wp\/v2\/posts\/6500"}],"collection":[{"href":"https:\/\/affordablehousingactivation.org\/es\/wp-json\/wp\/v2\/posts"}],"about":[{"href":"https:\/\/affordablehousingactivation.org\/es\/wp-json\/wp\/v2\/types\/post"}],"author":[{"embeddable":true,"href":"https:\/\/affordablehousingactivation.org\/es\/wp-json\/wp\/v2\/users\/392"}],"replies":[{"embeddable":true,"href":"https:\/\/affordablehousingactivation.org\/es\/wp-json\/wp\/v2\/comments?post=6500"}],"version-history":[{"count":3,"href":"https:\/\/affordablehousingactivation.org\/es\/wp-json\/wp\/v2\/posts\/6500\/revisions"}],"predecessor-version":[{"id":6503,"href":"https:\/\/affordablehousingactivation.org\/es\/wp-json\/wp\/v2\/posts\/6500\/revisions\/6503"}],"wp:featuredmedia":[{"embeddable":true,"href":"https:\/\/affordablehousingactivation.org\/es\/wp-json\/wp\/v2\/media\/6498"}],"wp:attachment":[{"href":"https:\/\/affordablehousingactivation.org\/es\/wp-json\/wp\/v2\/media?parent=6500"}],"wp:term":[{"taxonomy":"category","embeddable":true,"href":"https:\/\/affordablehousingactivation.org\/es\/wp-json\/wp\/v2\/categories?post=6500"},{"taxonomy":"post_tag","embeddable":true,"href":"https:\/\/affordablehousingactivation.org\/es\/wp-json\/wp\/v2\/tags?post=6500"},{"taxonomy":"barrera","embeddable":true,"href":"https:\/\/affordablehousingactivation.org\/es\/wp-json\/wp\/v2\/barrera?post=6500"},{"taxonomy":"pais","embeddable":true,"href":"https:\/\/affordablehousingactivation.org\/es\/wp-json\/wp\/v2\/pais?post=6500"}],"curies":[{"name":"wp","href":"https:\/\/api.w.org\/{rel}","templated":true}]}}