{"id":667,"date":"2022-02-16T11:51:49","date_gmt":"2022-02-16T10:51:49","guid":{"rendered":"https:\/\/affordablehousingactivation.org\/?p=667"},"modified":"2022-04-01T09:20:43","modified_gmt":"2022-04-01T07:20:43","slug":"roca-se-convierte-en-patrocinador-del-foro-internacional-uia-2022","status":"publish","type":"post","link":"https:\/\/affordablehousingactivation.org\/es\/roca-se-convierte-en-patrocinador-del-foro-internacional-uia-2022\/","title":{"rendered":"Roca se convierte en patrocinador del Foro Internacional UIA 2022"},"content":{"rendered":"<p><strong>ROCA SE CONVIERTE EN PATROCINADOR DEL FORO INTERNACIONAL UIA 2022<\/strong><\/p>\n<p>\u25aa La compa\u00f1\u00eda se suma as\u00ed al debate global sobre el acceso a la vivienda que promueve el Foro Internacional UIA 2022 \u201cAffordable Housing Activation: Removing Barriers\u2019<\/p>\n<p>\u25aa Roca impulsar\u00e1 la repercusi\u00f3n internacional del debate en torno al acceso a una vivienda digna y adecuada a trav\u00e9s de la organizaci\u00f3n de 7 eventos AHA en los Roca Gallery de Madrid, Barcelona, Lisboa, Londres, Shanghai y Beijing<\/p>\n<p>\u25aa El Foro Internacional UIA 2022 Affordable Housing Activation: Removing Barriers promover\u00e1 un marco de trabajo colaborativo e innovador que activar\u00e1 y reunir\u00e1 en su plataforma digital contenidos vinculados con la vivienda promovidos por actores a nivel internacional, y que concluir\u00e1 con un panel final de s\u00edntesis global en Madrid, del 18 al 20 de mayo<\/p>\n<p>Madrid, 16 de febrero de 2022. El Consejo Superior de los Colegios de Arquitectos de Espa\u00f1a (CSCAE), como entidad impulsora del Foro Internacional UIA 2022 \u201cAffordable Housing Activation: Removing Barriers\u201d, ha anunciado hoy que Roca, l\u00edder mundial en la comercializaci\u00f3n, producci\u00f3n y dise\u00f1o de productos para el espacio de ba\u00f1o, se convierte en patrocinador oficial del Foro Internacional UIA 2022.<\/p>\n<p>Roca se suma as\u00ed al debate global sobre el acceso a la vivienda que promueve el Foro Internacional UIA 2022 y lo har\u00e1 impulsando la repercusi\u00f3n internacional del debate en torno al acceso a la vivienda digna a trav\u00e9s de la organizaci\u00f3n de 7 eventos AHA en los Roca Gallery que la empresa tiene en Madrid, Barcelona, Lisboa, Londres, Shanghai y Beijing a partir del mes de marzo y hasta la celebraci\u00f3n del panel final del Foro en Madrid, del 18 al 20 de mayo.<\/p>\n<p>Para <strong>Marta Vall-llossera, presidenta en funciones del CSCAE<\/strong>, \u201ceste Foro es un instrumento para que los arquitectos y arquitectas, empresas y administraciones asuman la responsabilidad de impulsar acciones orientadas a transformar nuestras ciudades y territorios y facilitar el acceso a la vivienda. El patrocinio de Roca, impulsando la repercusi\u00f3n internacional del debate a trav\u00e9s de la organizaci\u00f3n de 7 eventos AHA, es una gran noticia para concienciar sobre el derecho a una vivienda digna y adecuada juntamente con la sostenibilidad medioambiental, econ\u00f3mica y social.<\/p>\n<p><strong>Angela Balldellou, directora ejecutiva del Foro AHA<\/strong>, ha se\u00f1alado: \u201cCelebramos que una empresa de la trayectoria de Roca se sume al debate impulsado por el Foro UIA sobre la asequibilidad de la vivienda. Gracias a la aportaci\u00f3n de Roca seremos capaces de ampliar la repercusi\u00f3n internacional del Foro que persigue trascender y concienciar sobre la necesidad de incluir en el debate del acceso a la vivienda cuestiones como la calidad, el dise\u00f1o, la innovaci\u00f3n, el acceso a los servicios e infraestructuras b\u00e1sicos o la sostenibilidad, sin las cuales no estar\u00edamos hablando de vivienda digna y adecuada.\u201d.<\/p>\n<p><strong>Xavier Torras, director de comunicaci\u00f3n de Roca<\/strong>, ha a\u00f1adido: \u201ces indispensable promover encuentros e iniciativas para debatir temas trascendentales para nuestra sociedad como disponer de una vivienda digna. Es un privilegio poder colaborar en la realizaci\u00f3n de este debate y contribuir en \u00e9l a trav\u00e9s de las conferencias que se celebrar\u00e1n a trav\u00e9s de nuestra red de Roca Galleries en el mundo.<\/p>\n<p><strong>Un movimiento global de alto impacto<\/strong><\/p>\n<p>El Foro Internacional UIA 2022 ser\u00e1 un evento de m\u00e1ximo impacto internacional cuyo objetivo es contribuir a mejorar el acceso a una vivienda asequible, digna y adecuada en todo el mundo, a trav\u00e9s de la generaci\u00f3n de redes y alianzas globales que promuevan el conocimiento compartido de casos ejemplares. y las visiones especificas desde el an\u00e1lisis de las barreras que dificultan el acceso a la vivienda. Planteando soluciones y miradas integrales capaces de \u201ccoser\u201d las barreras desde la arquitectura y el urbanismo, e involucrando a todos los agentes con capacidad para marcar l\u00edneas de actuaci\u00f3n a largo plazo, en torno a un futuro acuerdo internacional con el m\u00e1ximo respaldo de organizaciones, gobiernos, entidades e instituciones; capaz de concentrar y consensuar las claves m\u00ednimas de habitabilidad de la mano de la sostenibilidad; desde el conocimiento y an\u00e1lisis de las barreras y las necesidades de los habitantes, de manera que puedan adaptarse conforme a indicadores y par\u00e1metros locales en cada estado o regi\u00f3n y ayudar desde la vivienda a alcanzar los Objetivos de Desarrollo Sostenible de la Agenda 2030 en base a la informaci\u00f3n y al conocimiento y los datos compartidos. Todo ello en una cita que reunir\u00e1 a expertos\/as internacionales del \u00e1mbito de la arquitectura como \u2026., la gobernanza, la energ\u00eda, la ingenier\u00eda, la econom\u00eda, el urbanismo, el medio ambiente, la sociolog\u00eda, el dise\u00f1o, la tecnolog\u00eda y la innovaci\u00f3n.<\/p>\n<p><strong>Un evento con amplio respaldo institucional<\/strong><\/p>\n<p>En la Asamblea General de la Uni\u00f3n Internacional de Arquitectos (UIA), celebrada en el Foro de Bak\u00fa el 11 de junio de 2019, se aprob\u00f3 por amplia mayor\u00eda la elecci\u00f3n de Madrid para la organizaci\u00f3n del Foro Internacional UIA 2022 sobre acceso a la vivienda. La candidatura culmin\u00f3 con \u00e9xito gracias al amplio respaldo institucional del proyecto, que cuenta con el aval del<br \/>\nGobierno de Espa\u00f1a, a trav\u00e9s del Ministerio de Transportes, Movilidad y Agenda Urbana, la Comunidad de Madrid y el Ayuntamiento de Madrid y la colaboraci\u00f3n de UN-H\u00e1bitat.<\/p>\n<p>El apoyo de la estructura profesional en Madrid est\u00e1 garantizado a trav\u00e9s del COAM y el del sector de la edificaci\u00f3n por el Observatorio 2030 del CSCAE, que re\u00fane a todos los agentes implicados en Espa\u00f1a en el dise\u00f1o de las ciudades.<\/p>\n<p><strong>Sobre la Uni\u00f3n Internacional de Arquitectos (UIA)<\/strong><\/p>\n<p>La UIA surge como una federaci\u00f3n de organizaciones en Lausanne, Suiza, en 1948. Actualmente, cuenta con 104 secciones miembro, que representan a 115 pa\u00edses y a m\u00e1s de 1.500.000 de arquitectos\/as a nivel mundial, lo que la convierte en la organizaci\u00f3n internacional con mayor capacidad de influencia global en Arquitectura y una de las m\u00e1s influyentes en cuestiones urbanas, de dise\u00f1o o de patrimonio, vinculando toda su actividad y sus compromisos con las agendas internacionales y la sostenibilidad. Los foros UIA nacen para generar encuentros en torno a los grandes desaf\u00edos a los que tiene que hacer frente la profesi\u00f3n y para vincular la arquitectura con otras disciplinas y miradas en la resoluci\u00f3n de retos comunes.<\/p>\n<p>Para m\u00e1s informaci\u00f3n <a href=\"http:\/\/www.uia-architectes.org\" target=\"_blank\" rel=\"noopener\">www.uia-architectes.org<\/a><\/p>\n<p><strong>Sobre el CSCAE<\/strong><\/p>\n<p>Creado en 1931, el CSCAE es el organismo que re\u00fane a todos los colegios de arquitectos de Espa\u00f1a para la defensa de la Arquitectura y la consecuci\u00f3n de los fines de inter\u00e9s com\u00fan general. Representa a los colegios y a los m\u00e1s de 47.000 profesionales que ejercen la Arquitectura de forma colegiada en nuestro pa\u00eds ante las corporaciones p\u00fablicas y privadas y ante los organismos internacionales.<\/p>\n<p>Para m\u00e1s informaci\u00f3n <a href=\"http:\/\/www.cscae.com\" target=\"_blank\" rel=\"noopener\">www.cscae.com<\/a><\/p>\n<p><strong>Sobre Roca<\/strong><\/p>\n<p>Roca es una empresa dedicada al dise\u00f1o, producci\u00f3n y comercializaci\u00f3n de productos de ba\u00f1o para la arquitectura, la construcci\u00f3n y el interiorismo. Fundada en 1917, combina la tradici\u00f3n y el conocimiento con la pasi\u00f3n por la innovaci\u00f3n y el respeto por el entorno, con el objetivo de satisfacer las necesidades de las personas y contribuir a la mejora del bienestar de la sociedad.<\/p>\n<p>Con la sostenibilidad presente en todos sus procesos de producci\u00f3n y con el compromiso de preservar un planeta mejor para las generaciones futuras, Roca ha implementado esta filosof\u00eda en los 170 pa\u00edses en los que opera y en sus 84 f\u00e1bricas y la transmite a diario a sus m\u00e1s de 24.000 profesionales.<\/p>\n<p>La empresa familiar es l\u00edder del mercado en Europa, Latinoam\u00e9rica, India y Rusia. Adem\u00e1s, tiene una fuerte presencia en China y el resto de Asia, Oriente Medio, Australia y \u00c1frica. Como resultado, es l\u00edder mundial en su negocio<\/p>\n<p><a href=\"https:\/\/www.roca.es\/\" target=\"_blank\" rel=\"noopener\">roca.es<\/a><\/p>\n<p><strong>CONTACTO PRENSA<\/strong><\/p>\n<p><strong>Hill &amp; Knowlton<\/strong><\/p>\n<p>Francesc Casas<br \/>\n<a href=\"mailto:francesc.casas@hkstrategies.com\">francesc.casas@hkstrategies.com<\/a><br \/>\n696452005<\/p>\n<p><strong>CSCAE<\/strong><\/p>\n<p><a href=\"mailto:comunicacion@cscae.com\">comunicacion@cscae.com<\/a><br \/>\n<a href=\"mailto:directoracomunicacion@CSCAE.com\">directoracomunicacion@CSCAE.com<\/a><\/p>\n<p><strong>Roca<\/strong><\/p>\n<p>Nuria Vall-llovera<br \/>\n<a href=\"mailto:nuria.vall.llovera@roca.net\">nuria.vall.llovera@roca.net<\/a><\/p>\n<p><a href=\"https:\/\/affordablehousingactivation.org\/web\/app\/uploads\/2022\/02\/1602_AHA-acuerdo-ROCA.pdf\" target=\"_blank\" rel=\"noopener\">M\u00e1s informaci\u00f3n<\/a><\/p>\n","protected":false},"excerpt":{"rendered":"<p>Roca se suma al debate global sobre el acceso a la vivienda y organizar\u00e1 7 eventos AHA en centros Roca Gallery de todo el mundo.<\/p>\n","protected":false},"author":4,"featured_media":2090,"comment_status":"closed","ping_status":"closed","sticky":false,"template":"","format":"standard","meta":{"_price":"","_stock":"","_tribe_ticket_header":"","_tribe_default_ticket_provider":"","_tribe_ticket_capacity":"0","_ticket_start_date":"","_ticket_end_date":"","_tribe_ticket_show_description":"","_tribe_ticket_show_not_going":false,"_tribe_ticket_use_global_stock":"","_tribe_ticket_global_stock_level":"","_global_stock_mode":"","_global_stock_cap":"","_tribe_rsvp_for_event":"","_tribe_ticket_going_count":"","_tribe_ticket_not_going_count":"","_tribe_tickets_list":[],"_tribe_ticket_has_attendee_info_fields":false},"categories":[73],"tags":[],"barrera":[],"pais":[],"acf":[],"_links":{"self":[{"href":"https:\/\/affordablehousingactivation.org\/es\/wp-json\/wp\/v2\/posts\/667"}],"collection":[{"href":"https:\/\/affordablehousingactivation.org\/es\/wp-json\/wp\/v2\/posts"}],"about":[{"href":"https:\/\/affordablehousingactivation.org\/es\/wp-json\/wp\/v2\/types\/post"}],"author":[{"embeddable":true,"href":"https:\/\/affordablehousingactivation.org\/es\/wp-json\/wp\/v2\/users\/4"}],"replies":[{"embeddable":true,"href":"https:\/\/affordablehousingactivation.org\/es\/wp-json\/wp\/v2\/comments?post=667"}],"version-history":[{"count":5,"href":"https:\/\/affordablehousingactivation.org\/es\/wp-json\/wp\/v2\/posts\/667\/revisions"}],"predecessor-version":[{"id":846,"href":"https:\/\/affordablehousingactivation.org\/es\/wp-json\/wp\/v2\/posts\/667\/revisions\/846"}],"wp:featuredmedia":[{"embeddable":true,"href":"https:\/\/affordablehousingactivation.org\/es\/wp-json\/wp\/v2\/media\/2090"}],"wp:attachment":[{"href":"https:\/\/affordablehousingactivation.org\/es\/wp-json\/wp\/v2\/media?parent=667"}],"wp:term":[{"taxonomy":"category","embeddable":true,"href":"https:\/\/affordablehousingactivation.org\/es\/wp-json\/wp\/v2\/categories?post=667"},{"taxonomy":"post_tag","embeddable":true,"href":"https:\/\/affordablehousingactivation.org\/es\/wp-json\/wp\/v2\/tags?post=667"},{"taxonomy":"barrera","embeddable":true,"href":"https:\/\/affordablehousingactivation.org\/es\/wp-json\/wp\/v2\/barrera?post=667"},{"taxonomy":"pais","embeddable":true,"href":"https:\/\/affordablehousingactivation.org\/es\/wp-json\/wp\/v2\/pais?post=667"}],"curies":[{"name":"wp","href":"https:\/\/api.w.org\/{rel}","templated":true}]}}