{"id":8163,"date":"2022-05-05T13:07:08","date_gmt":"2022-05-05T11:07:08","guid":{"rendered":"https:\/\/affordablehousingactivation.org\/?p=8163"},"modified":"2022-05-05T13:15:34","modified_gmt":"2022-05-05T11:15:34","slug":"el-derecho-a-la-vivienda","status":"publish","type":"post","link":"https:\/\/affordablehousingactivation.org\/es\/el-derecho-a-la-vivienda\/","title":{"rendered":"El Derecho a la Vivienda"},"content":{"rendered":"<p><strong>\u00bfC\u00f3mo pueden el dise\u00f1o, la arquitectura y el urbanismo, ayudarnos a defender el derecho a una vivienda m\u00e1s saludable, sostenible, equitativa y asequible? <\/strong><\/p>\n<p>Mientras el mundo se enfrenta a crisis globales en m\u00faltiples frentes, incluido el actual conflicto en Ucrania, cada vez m\u00e1s personas se ven desplazadas debido a la migraci\u00f3n o para escapar de regiones asoladas por la guerra, el hambre, las dificultades econ\u00f3micas, as\u00ed como la persecuci\u00f3n religiosa y pol\u00edtica. Estas presiones impulsadas por las crisis se suman a las tendencias ya constantes de crecimiento demogr\u00e1fico y urbanizaci\u00f3n a una escala cada vez mayor.<\/p>\n<p>La demanda de vivienda, por tanto, est\u00e1 aumentando y seguir\u00e1 siendo alta en el futuro inmediato. Sin embargo, ante los devastadores retos de la salud p\u00fablica (de los que parece que acabamos de salir), frente a los desaf\u00edos que plantea el cambio clim\u00e1tico y por la creciente demanda de equidad social, no necesitamos s\u00f3lo (m\u00e1s) de las mismas viviendas (asequibles). Los campos del dise\u00f1o tienen la tarea de desarrollar nuevas respuestas para la vivienda que, sin dejar de ser asequibles, sean tambi\u00e9n m\u00e1s saludables, m\u00e1s sostenibles y m\u00e1s equitativas.<\/p>\n<p>El derecho a la vivienda ya se consagr\u00f3 en la Agenda de Estambul de 1996 de ONU-H\u00e1bitat, y m\u00e1s recientemente se reincorpor\u00f3 a los puntos m\u00e1s urgentes de la agenda a nivel mundial, como se recoge en el documento de 2015 de la ONU \u00abTransformar nuestro mundo: La Agenda 2030 para el Desarrollo Sostenible\u00bb (objetivo 11.1). Esto fue reelaborado por la conferencia de la ONU de 2016 \u00abH\u00e1bitat III\u00bb, celebrada en Quito (Ecuador):<\/p>\n<p><em>\u00abLos enormes desaf\u00edos a los que se siguen enfrentando las ciudades, a pesar de intervenciones como las pol\u00edticas de vivienda y el aumento del gasto en vivienda social y p\u00fablica, sugieren que es necesario un cambio de paradigma en la forma de ver la vivienda para poner fin a la falta de hogar y garantizar el acceso de todos los ciudadanos a una vivienda adecuada. Este cambio de paradigma podr\u00eda implicar la adopci\u00f3n de un enfoque de la vivienda basado en los derechos, y la adopci\u00f3n de pol\u00edticas de vivienda cualitativamente diferentes que sean realmente inclusivas y reflejen el compromiso de los gobiernos de no dejar a nadie atr\u00e1s\u00bb. (actas de la conferencia, 44). <\/em><\/p>\n<p><span data-ccp-props=\"{&quot;134233117&quot;:true,&quot;134233118&quot;:true,&quot;201341983&quot;:0,&quot;335559740&quot;:240}\">Sin embargo, este derecho a la vivienda ha adquirido nuevos significados y connotaciones frente a las crisis actuales, al reafirmar el papel cr\u00edtico de la vivienda en la configuraci\u00f3n de la ciudad moderna del ma\u00f1ana. <\/span><\/p>\n<p>La Revista del Plan busca, por tanto, contribuciones que ofrezcan soluciones basadas en la investigaci\u00f3n, ya sean globales o m\u00e1s espec\u00edficas para una regi\u00f3n, ya sean dise\u00f1os o planes hol\u00edsticos, o que aborden un aspecto particular (tipol\u00f3gico, tecnol\u00f3gico, urban\u00edstico, relacionado con el desarrollo o la pol\u00edtica, o de impacto sociol\u00f3gico) para empezar a responder a este desaf\u00edo global en curso.<\/p>\n<p><strong>Opciones de presentaci\u00f3n<\/strong><\/p>\n<p>Se dar\u00e1 prioridad a la evaluaci\u00f3n y publicaci\u00f3n de manuscritos completos, pero tambi\u00e9n se anima a presentar propuestas en forma de res\u00famenes largos [300\/500 palabras] como primer paso en el proceso de revisi\u00f3n editorial. Los autores de las propuestas aceptadas ser\u00e1n invitados a elaborar manuscritos completos, que luego pasar\u00e1n por el proceso de revisi\u00f3n por pares.<\/p>\n<p>El env\u00edo de propuestas como primer paso es s\u00f3lo una opci\u00f3n y se anima a presentar manuscritos completos tambi\u00e9n como primer env\u00edo.<\/p>\n<p><strong>Calendario<\/strong><\/p>\n<ul>\n<li>Las propuestas, en forma de res\u00famenes largos [unas 500 palabras], deben presentarse antes del <strong>10 de junio de 2022<\/strong><\/li>\n<li>Invitaci\u00f3n a convertir las propuestas aceptadas en manuscritos completos enviada a los autores antes del <strong>11 de julio de 2022<\/strong><\/li>\n<li>Todos los manuscritos completos deben enviarse antes del <strong>12 de septiembre de 2022<\/strong><\/li>\n<li>Se espera que los manuscritos aceptados y editados se publiquen en l\u00ednea antes del <strong>16 de enero de 2023<\/strong><\/li>\n<li>Se espera que la versi\u00f3n impresa del n\u00famero est\u00e9 disponible para el <strong>31 de enero de 2023<\/strong><\/li>\n<\/ul>\n<p><strong>Para enviarlos<\/strong><\/p>\n<p>Por favor, inicie sesi\u00f3n y reg\u00edstrese en el sistema de gesti\u00f3n de manuscritos del TPJ \u00abEditorial Manager\u00bb: <a href=\"https:\/\/www.editorialmanager.com\/tpj\/default.aspx\" target=\"_blank\" rel=\"noopener\">https:\/\/www.editorialmanager.com\/tpj\/default.aspx.<\/a> Una vez registrado, desde el \u00abMen\u00fa principal del autor\u00bb vaya a \u00abNuevos env\u00edos\u00bb, luego seleccione \u00abEnviar nuevo manuscrito\u00bb, luego, desde el men\u00fa desplegable, seleccione el tipo de art\u00edculo \u00abArt\u00edculo\/Ensayo\/Investigaci\u00f3n\u00bb para un env\u00edo de manuscrito completo o \u00abResumen (s\u00f3lo)\u00bb para un env\u00edo de propuesta. Luego, en ambos casos, siga las indicaciones.<\/p>\n<p>Las preguntas pueden dirigirse a: <a href=\"mailto:tpj@theplanjournal.com\">tpj@theplanjournal.com<\/a> (el enlace env\u00eda un correo electr\u00f3nico)<\/p>\n<p><a href=\"https:\/\/www.theplanjournal.com\/content\/call-submissions-%E2%80%93-plan-journal-vol-7-2022-no-2-fall?utm_source=acsa-newsletter&amp;utm_medium=email&amp;utm_campaign=call-7-2\" target=\"_blank\" rel=\"noopener\"><span data-contrast=\"none\">https:\/\/www.theplanjournal.com\/content\/call-submissions-%E2%80%93-plan-journal-vol-7-2022-no-2-fall?utm_source=acsa-newsletter&amp;utm_medium=email&amp;utm_campaign=call-7-2<\/span><\/a><span data-ccp-props=\"{&quot;201341983&quot;:0,&quot;335559739&quot;:160,&quot;335559740&quot;:259}\">\u00a0<\/span><\/p>\n<p><a href=\"https:\/\/www.theplanjournal.com\/\" target=\"_blank\" rel=\"noopener\"><span data-contrast=\"none\">https:\/\/www.theplanjournal.com\/<\/span><\/a><span data-ccp-props=\"{&quot;201341983&quot;:0,&quot;335559739&quot;:160,&quot;335559740&quot;:259}\">\u00a0<\/span><\/p>\n","protected":false},"excerpt":{"rendered":"<p>\u00bfC\u00f3mo pueden el dise\u00f1o, la arquitectura y el urbanismo, ayudarnos a defender el derecho a una vivienda m\u00e1s saludable, sostenible, equitativa y asequible? Mientras el mundo se enfrenta a crisis [&hellip;]<\/p>\n","protected":false},"author":392,"featured_media":8160,"comment_status":"closed","ping_status":"closed","sticky":false,"template":"","format":"standard","meta":{"_price":"","_stock":"","_tribe_ticket_header":"","_tribe_default_ticket_provider":"","_tribe_ticket_capacity":"0","_ticket_start_date":"","_ticket_end_date":"","_tribe_ticket_show_description":"","_tribe_ticket_show_not_going":false,"_tribe_ticket_use_global_stock":"","_tribe_ticket_global_stock_level":"","_global_stock_mode":"","_global_stock_cap":"","_tribe_rsvp_for_event":"","_tribe_ticket_going_count":"","_tribe_ticket_not_going_count":"","_tribe_tickets_list":[],"_tribe_ticket_has_attendee_info_fields":false},"categories":[45],"tags":[],"barrera":[],"pais":[],"acf":[],"_links":{"self":[{"href":"https:\/\/affordablehousingactivation.org\/es\/wp-json\/wp\/v2\/posts\/8163"}],"collection":[{"href":"https:\/\/affordablehousingactivation.org\/es\/wp-json\/wp\/v2\/posts"}],"about":[{"href":"https:\/\/affordablehousingactivation.org\/es\/wp-json\/wp\/v2\/types\/post"}],"author":[{"embeddable":true,"href":"https:\/\/affordablehousingactivation.org\/es\/wp-json\/wp\/v2\/users\/392"}],"replies":[{"embeddable":true,"href":"https:\/\/affordablehousingactivation.org\/es\/wp-json\/wp\/v2\/comments?post=8163"}],"version-history":[{"count":2,"href":"https:\/\/affordablehousingactivation.org\/es\/wp-json\/wp\/v2\/posts\/8163\/revisions"}],"predecessor-version":[{"id":8166,"href":"https:\/\/affordablehousingactivation.org\/es\/wp-json\/wp\/v2\/posts\/8163\/revisions\/8166"}],"wp:featuredmedia":[{"embeddable":true,"href":"https:\/\/affordablehousingactivation.org\/es\/wp-json\/wp\/v2\/media\/8160"}],"wp:attachment":[{"href":"https:\/\/affordablehousingactivation.org\/es\/wp-json\/wp\/v2\/media?parent=8163"}],"wp:term":[{"taxonomy":"category","embeddable":true,"href":"https:\/\/affordablehousingactivation.org\/es\/wp-json\/wp\/v2\/categories?post=8163"},{"taxonomy":"post_tag","embeddable":true,"href":"https:\/\/affordablehousingactivation.org\/es\/wp-json\/wp\/v2\/tags?post=8163"},{"taxonomy":"barrera","embeddable":true,"href":"https:\/\/affordablehousingactivation.org\/es\/wp-json\/wp\/v2\/barrera?post=8163"},{"taxonomy":"pais","embeddable":true,"href":"https:\/\/affordablehousingactivation.org\/es\/wp-json\/wp\/v2\/pais?post=8163"}],"curies":[{"name":"wp","href":"https:\/\/api.w.org\/{rel}","templated":true}]}}