{"id":9280,"date":"2022-05-17T20:57:27","date_gmt":"2022-05-17T18:57:27","guid":{"rendered":"https:\/\/affordablehousingactivation.org\/valdecarros-expondra-en-el-foro-internacional-uia-2022-su-modelo-de-acceso-a-la-vivienda-sostenible-en-madrid\/"},"modified":"2022-05-17T20:57:27","modified_gmt":"2022-05-17T18:57:27","slug":"valdecarros-expondra-en-el-foro-internacional-uia-2022-su-modelo-de-acceso-a-la-vivienda-sostenible-en-madrid","status":"publish","type":"post","link":"https:\/\/affordablehousingactivation.org\/es\/valdecarros-expondra-en-el-foro-internacional-uia-2022-su-modelo-de-acceso-a-la-vivienda-sostenible-en-madrid\/","title":{"rendered":"Valdecarros expondr\u00e1 en el Foro Internacional UIA 2022 su modelo de acceso a la vivienda sostenible en Madrid"},"content":{"rendered":"<ul>\n<li>Valdecarros firma un acuerdo de colaboraci\u00f3n con el CSCAE, entidad impulsora del Foro Internacional UIA 2022 \u2018Affordable Housing Activation: Removing Barriers\u2019<\/li>\n<li>Trasladar\u00e1 a los m\u00e1s de 120 pa\u00edses miembros de UIA en todo el mundo el caso de Valdecarros, uno de los mayores proyectos europeos de vivienda asequible para los pr\u00f3ximos 20 a\u00f1os<\/li>\n<li>El Foro Internacional UIA 2022 Affordable Housing Activation: Removing Barriers genera un marco de trabajo colaborativo e innovador que activar\u00e1 y reunir\u00e1 en su plataforma digital contenidos vinculados con la vivienda promovidos por actores a nivel internacional, y que impulsar\u00e1 en el Encuentro de Madrid del 18 al 20 de mayo una alianza global para mejorar el acceso a la vivienda en todo el mundo<\/li>\n<\/ul>\n<p><b><span data-contrast=\"auto\">Madrid, 09 de mayo de 2022<\/span><\/b><span data-contrast=\"auto\">. El Consejo Superior de los Colegios de Arquitectos de Espa\u00f1a (CSCAE), como entidad impulsora del Foro Internacional UIA 2022 \u2018Affordable Housing Activation: Removing Barriers\u2019, ha firmado un acuerdo de colaboraci\u00f3n con Valdecarros para dar a conocer en dicha jornada internacional, el que es mayor proyecto europeo de nueva construcci\u00f3n residencial asequible para los pr\u00f3ximos veinte a\u00f1os. El ejemplo de este nuevo barrio de Madrid ser\u00e1 uno de los casos de \u00e9xito planteados en torno a las f\u00f3rmulas para desarrollar vivienda digna y accesible, promovido por el Foro entre sus m\u00e1s de 45.000 miembros en todo el mundo.\u00a0<\/span><span data-ccp-props=\"{&quot;201341983&quot;:0,&quot;335551550&quot;:6,&quot;335551620&quot;:6,&quot;335559739&quot;:160,&quot;335559740&quot;:259}\">\u00a0<\/span><\/p>\n<p><b><span data-contrast=\"auto\">Angela Balldellou, directora ejecutiva del Foro AHA<\/span><\/b><span data-contrast=\"auto\">, ha declarado sentirse \u201cmuy satisfecha de incorporar a este movimiento global, pensado para eliminar barreras que impiden la accesibilidad a la vivienda, un ejemplo tan representativo y trascendente como es el de Valdecarros, un nuevo barrio que acaba de comenzar a urbanizarse en Madrid. Trasladar a la pr\u00e1ctica las \u00faltimas teor\u00edas urban\u00edsticas sobre movilidad, sostenibilidad, vida de barrio y viviendas asequibles en nuevos desarrollos urbanos sostenibles es una aportaci\u00f3n crucial al necesario debate\u201d.<\/span><span data-ccp-props=\"{&quot;201341983&quot;:0,&quot;335551550&quot;:6,&quot;335551620&quot;:6,&quot;335559739&quot;:160,&quot;335559740&quot;:259}\">\u00a0<\/span><\/p>\n<p><span data-contrast=\"auto\">Por su parte, <\/span><b><span data-contrast=\"auto\">el presidente de la Junta de Compensaci\u00f3n de Valdecarros, Luis Roca de Togores<\/span><\/b><span data-contrast=\"auto\">, valora que este nuevo barrio \u201csupone un ejemplo paradigm\u00e1tico de la eficacia de fomentar la colaboraci\u00f3n p\u00fablico-privada en materia de urbanismo. Implica la puesta en marcha de un nuevo<\/span><span data-contrast=\"auto\"> \u00e1mbito de m\u00e1s de <\/span><span data-contrast=\"auto\">51.000 viviendas, todas asequibles y de ellas m\u00e1s de 28.000 con alg\u00fan tipo de protecci\u00f3n. Adem\u00e1s, aportaremos a Madrid m\u00e1s de 700 hect\u00e1reas de zonas verdes y un dise\u00f1o urbano enfocado no s\u00f3lo a la sostenibilidad ambiental, sino tambi\u00e9n a la salud de los vecinos, con zonas verdes de proximidad a menos de doscientos metros de cada vivienda, muy por encima de las recomendaciones de la OMS.\u00a0\u00a0\u00a0<\/span><span data-ccp-props=\"{&quot;201341983&quot;:0,&quot;335551550&quot;:6,&quot;335551620&quot;:6,&quot;335559739&quot;:160,&quot;335559740&quot;:259}\">\u00a0<\/span><\/p>\n<p><span data-contrast=\"auto\">De esas 51.000 viviendas, se iniciar\u00e1 la construcci\u00f3n 13.500 en los pr\u00f3ximos cuatro a\u00f1os. Valdecarros se presenta tambi\u00e9n como ejemplo especialmente representativo de nuevas f\u00f3rmulas de financiaci\u00f3n para la vivienda asequible<\/span><span data-contrast=\"auto\">.<\/span><span data-contrast=\"auto\"> El objetivo esencial del Plan Financiero, aprobado en Asamblea General el pasado 20 de diciembre, es dotar a la Junta de Compensaci\u00f3n de suficiente autonom\u00eda financiera y a los distintos propietarios de suficiente previsi\u00f3n financiera a corto, medio y largo plazo. El proyecto de financiaci\u00f3n combina un 30% de la financiaci\u00f3n a trav\u00e9s de recursos propios, mediante derramas, y el 70% restante mediante la venta de aprovechamientos reservados a nombre de la Junta de Compensaci\u00f3n.<\/span><span data-ccp-props=\"{&quot;201341983&quot;:0,&quot;335551550&quot;:6,&quot;335551620&quot;:6,&quot;335559739&quot;:160,&quot;335559740&quot;:259}\">\u00a0<\/span><\/p>\n<p><b><span data-contrast=\"auto\">Un movimiento global de alto impacto<\/span><\/b><span data-ccp-props=\"{&quot;201341983&quot;:0,&quot;335551550&quot;:6,&quot;335551620&quot;:6,&quot;335559739&quot;:160,&quot;335559740&quot;:259}\">\u00a0<\/span><\/p>\n<p><span data-contrast=\"auto\">El Foro Internacional UIA 2022 ser\u00e1 un evento de m\u00e1ximo impacto internacional cuyo objetivo es contribuir a mejorar el acceso a una vivienda asequible, digna y adecuada en todo el mundo, a trav\u00e9s de la generaci\u00f3n de redes y alianzas globales que promuevan el conocimiento compartido de casos ejemplares y las visiones especificas desde el an\u00e1lisis de las barreras que dificultan el acceso a la vivienda. Planteando soluciones y miradas integrales capaces de \u201ccoser\u201d las barreras desde la arquitectura y el urbanismo, e involucrando a todos los agentes con capacidad para marcar l\u00edneas de actuaci\u00f3n a largo plazo, en torno a un futuro acuerdo internacional con el m\u00e1ximo respaldo de organizaciones, gobiernos, entidades e instituciones; capaz de concentrar y consensuar las claves m\u00ednimas de habitabilidad de la mano de la sostenibilidad; desde el conocimiento y an\u00e1lisis de las barreras y las necesidades de los habitantes, de manera que puedan adaptarse conforme a indicadores y par\u00e1metros locales en cada estado o regi\u00f3n y ayudar desde la vivienda a alcanzar los Objetivos de Desarrollo Sostenible de la Agenda 2030 en base a la informaci\u00f3n y al conocimiento y los datos compartidos. Todo ello en una cita que reunir\u00e1 a expertos\/as internacionales del \u00e1mbito de la arquitectura, la gobernanza, la energ\u00eda, la ingenier\u00eda, la econom\u00eda, el urbanismo, el medio ambiente, la sociolog\u00eda, el dise\u00f1o, la tecnolog\u00eda y la innovaci\u00f3n.\u00a0<\/span><span data-ccp-props=\"{&quot;201341983&quot;:0,&quot;335551550&quot;:6,&quot;335551620&quot;:6,&quot;335559739&quot;:160,&quot;335559740&quot;:259}\">\u00a0<\/span><\/p>\n<p><b><span data-contrast=\"auto\">Un evento con amplio respaldo institucional<\/span><\/b><span data-ccp-props=\"{&quot;201341983&quot;:0,&quot;335551550&quot;:6,&quot;335551620&quot;:6,&quot;335559739&quot;:160,&quot;335559740&quot;:259}\">\u00a0<\/span><\/p>\n<p><span data-contrast=\"auto\">En la Asamblea General de la Uni\u00f3n Internacional de Arquitectos (UIA), celebrada en el Foro de Bak\u00fa el 11 de junio de 2019, se aprob\u00f3 por amplia mayor\u00eda la elecci\u00f3n de Madrid para la organizaci\u00f3n del Foro Internacional UIA 2022 sobre acceso a la vivienda. La candidatura culmin\u00f3 con \u00e9xito gracias al amplio respaldo institucional del proyecto, que cuenta con el aval del Gobierno de Espa\u00f1a, a trav\u00e9s del Ministerio de Transportes, Movilidad y Agenda Urbana, Ministerio de Exteriores, la Comunidad de Madrid y el Ayuntamiento de Madrid y la colaboraci\u00f3n de UN-H\u00e1bitat.<\/span><span data-ccp-props=\"{&quot;201341983&quot;:0,&quot;335551550&quot;:6,&quot;335551620&quot;:6,&quot;335559739&quot;:160,&quot;335559740&quot;:259}\">\u00a0<\/span><\/p>\n<p><span data-contrast=\"auto\">El Foro Internacional UIA 2022 se activ<\/span><span data-contrast=\"auto\">\u00f3<\/span><span data-contrast=\"auto\"> en enero, mediante el impulso de la celebraci\u00f3n de actividades paralelas en todo el mundo, y en Madrid, del 18 al 20 de mayo, plantea un Encuentro irrepetible como punto de inflexi\u00f3n para impulsar una llamada a la acci\u00f3n global,\u00a0 en una cita que reunir\u00e1 a expertos\/as internacionales del \u00e1mbito de la arquitectura, la ingenier\u00eda, la econom\u00eda, el urbanismo, el medio ambiente, la sociolog\u00eda, el dise\u00f1o y la gesti\u00f3n.\u00a0<\/span><span data-ccp-props=\"{&quot;201341983&quot;:0,&quot;335551550&quot;:6,&quot;335551620&quot;:6,&quot;335559739&quot;:160,&quot;335559740&quot;:259}\">\u00a0<\/span><\/p>\n<p><span data-contrast=\"auto\">El apoyo de la estructura profesional en Madrid est\u00e1 garantizado a trav\u00e9s del COAM y el del sector de la edificaci\u00f3n por el Observatorio 2030 del CSCAE, que re\u00fane a todos los agentes implicados en Espa\u00f1a en el dise\u00f1o de las ciudades.<\/span><span data-ccp-props=\"{&quot;201341983&quot;:0,&quot;335551550&quot;:6,&quot;335551620&quot;:6,&quot;335559739&quot;:160,&quot;335559740&quot;:259}\">\u00a0<\/span><\/p>\n<p><b><span data-contrast=\"auto\">Sobre la Uni\u00f3n Internacional de Arquitectos (UIA)<\/span><\/b><span data-ccp-props=\"{&quot;201341983&quot;:0,&quot;335551550&quot;:6,&quot;335551620&quot;:6,&quot;335559739&quot;:160,&quot;335559740&quot;:259}\">\u00a0<\/span><\/p>\n<p><span data-contrast=\"auto\">La UIA surge como una federaci\u00f3n de organizaciones\u202fen\u202fLausanne, Suiza, en 1948. Actualmente, cuenta con 104 secciones miembro, que representan a 115 pa\u00edses y a m\u00e1s de 1.500.000 de arquitectos\/as a nivel mundial, lo que la convierte en la\u202forganizaci\u00f3n\u202finternacional con mayor capacidad de influencia global\u202fen Arquitectura y una de las m\u00e1s influyentes en cuestiones urbanas,\u202fde dise\u00f1o o de\u202fpatrimonio, vinculando toda su actividad y sus compromisos con las agendas internacionales y la sostenibilidad. Los foros UIA nacen para generar encuentros en torno a los grandes desaf\u00edos a los que tiene que hacer frente la profesi\u00f3n y para vincular la arquitectura con otras disciplinas y miradas en la resoluci\u00f3n de retos comunes. Para m\u00e1s informaci\u00f3n <\/span><a href=\"http:\/\/www.uia-architectes.org\/\" target=\"_blank\" rel=\"noopener\"><span data-contrast=\"auto\">www.uia-architectes.org<\/span><\/a><span data-contrast=\"auto\">\u00a0<\/span><span data-ccp-props=\"{&quot;201341983&quot;:0,&quot;335551550&quot;:6,&quot;335551620&quot;:6,&quot;335559739&quot;:160,&quot;335559740&quot;:259}\">\u00a0<\/span><\/p>\n<h2>CONTACTO PRENSA<\/h2>\n<p><b><span data-contrast=\"none\">Hill &amp; Knowlton<\/span><\/b><span data-ccp-props=\"{&quot;201341983&quot;:0,&quot;335559739&quot;:160,&quot;335559740&quot;:259}\">\u00a0<\/span><\/p>\n<p><span data-contrast=\"auto\">Francesc Casas<\/span><span data-ccp-props=\"{&quot;201341983&quot;:0,&quot;335559739&quot;:160,&quot;335559740&quot;:259}\">\u00a0<\/span><\/p>\n<p><a href=\"mailto:francesc.casas@hkstrategies.com\"><span data-contrast=\"none\">francesc.casas@hkstrategies.com<\/span><\/a><span data-ccp-props=\"{&quot;201341983&quot;:0,&quot;335559739&quot;:160,&quot;335559740&quot;:259}\">\u00a0<\/span><\/p>\n<p><span data-contrast=\"auto\">696452005<\/span><span data-ccp-props=\"{&quot;201341983&quot;:0,&quot;335551550&quot;:6,&quot;335551620&quot;:6,&quot;335559739&quot;:160,&quot;335559740&quot;:259}\">\u00a0<\/span><\/p>\n<p><span data-ccp-props=\"{&quot;201341983&quot;:0,&quot;335559739&quot;:160,&quot;335559740&quot;:259}\">\u00a0<\/span><\/p>\n","protected":false},"excerpt":{"rendered":"<p>Valdecarros firma un acuerdo de colaboraci\u00f3n con el CSCAE, entidad impulsora del Foro Internacional UIA 2022 \u2018Affordable Housing Activation: Removing Barriers\u2019 Trasladar\u00e1 a los m\u00e1s de 120 pa\u00edses miembros de [&hellip;]<\/p>\n","protected":false},"author":392,"featured_media":9277,"comment_status":"closed","ping_status":"closed","sticky":false,"template":"","format":"standard","meta":{"_price":"","_stock":"","_tribe_ticket_header":"","_tribe_default_ticket_provider":"","_tribe_ticket_capacity":"0","_ticket_start_date":"","_ticket_end_date":"","_tribe_ticket_show_description":"","_tribe_ticket_show_not_going":false,"_tribe_ticket_use_global_stock":"","_tribe_ticket_global_stock_level":"","_global_stock_mode":"","_global_stock_cap":"","_tribe_rsvp_for_event":"","_tribe_ticket_going_count":"","_tribe_ticket_not_going_count":"","_tribe_tickets_list":[],"_tribe_ticket_has_attendee_info_fields":false},"categories":[162],"tags":[],"barrera":[],"pais":[],"acf":[],"_links":{"self":[{"href":"https:\/\/affordablehousingactivation.org\/es\/wp-json\/wp\/v2\/posts\/9280"}],"collection":[{"href":"https:\/\/affordablehousingactivation.org\/es\/wp-json\/wp\/v2\/posts"}],"about":[{"href":"https:\/\/affordablehousingactivation.org\/es\/wp-json\/wp\/v2\/types\/post"}],"author":[{"embeddable":true,"href":"https:\/\/affordablehousingactivation.org\/es\/wp-json\/wp\/v2\/users\/392"}],"replies":[{"embeddable":true,"href":"https:\/\/affordablehousingactivation.org\/es\/wp-json\/wp\/v2\/comments?post=9280"}],"version-history":[{"count":0,"href":"https:\/\/affordablehousingactivation.org\/es\/wp-json\/wp\/v2\/posts\/9280\/revisions"}],"wp:featuredmedia":[{"embeddable":true,"href":"https:\/\/affordablehousingactivation.org\/es\/wp-json\/wp\/v2\/media\/9277"}],"wp:attachment":[{"href":"https:\/\/affordablehousingactivation.org\/es\/wp-json\/wp\/v2\/media?parent=9280"}],"wp:term":[{"taxonomy":"category","embeddable":true,"href":"https:\/\/affordablehousingactivation.org\/es\/wp-json\/wp\/v2\/categories?post=9280"},{"taxonomy":"post_tag","embeddable":true,"href":"https:\/\/affordablehousingactivation.org\/es\/wp-json\/wp\/v2\/tags?post=9280"},{"taxonomy":"barrera","embeddable":true,"href":"https:\/\/affordablehousingactivation.org\/es\/wp-json\/wp\/v2\/barrera?post=9280"},{"taxonomy":"pais","embeddable":true,"href":"https:\/\/affordablehousingactivation.org\/es\/wp-json\/wp\/v2\/pais?post=9280"}],"curies":[{"name":"wp","href":"https:\/\/api.w.org\/{rel}","templated":true}]}}