{"id":9332,"date":"2022-05-18T13:05:44","date_gmt":"2022-05-18T11:05:44","guid":{"rendered":"https:\/\/affordablehousingactivation.org\/la-ministra-de-transportes-movilidad-y-agenda-urbana-inaugura-el-foro-internacional-uia-2022\/"},"modified":"2022-05-18T13:05:44","modified_gmt":"2022-05-18T11:05:44","slug":"la-ministra-de-transportes-movilidad-y-agenda-urbana-inaugura-el-foro-internacional-uia-2022","status":"publish","type":"post","link":"https:\/\/affordablehousingactivation.org\/es\/la-ministra-de-transportes-movilidad-y-agenda-urbana-inaugura-el-foro-internacional-uia-2022\/","title":{"rendered":"La ministra de Transportes, Movilidad y Agenda Urbana inaugura el Foro Internacional UIA 2022"},"content":{"rendered":"<p>Raquel S\u00e1nchez: \u201cLa aportaci\u00f3n de todos los expertos que particip\u00e1is en el Foro Internacional UIA 2022 ser\u00e1 una valios\u00edsima ayuda para mejorar el acceso a la vivienda\u201d<\/p>\n<ul>\n<li>Al acto tambi\u00e9n han asistido el alcalde de Madrid, Jos\u00e9 Luis Mart\u00ednez-Almeida; la consejera de Medio Ambiente, Ordenaci\u00f3n del Territorio y Sostenibilidad de la Comunidad de Madrid, Paloma Mart\u00edn; la responsable de la Subdivisi\u00f3n de Planificaci\u00f3n Urbana de ONU-Habitat, Shipra Narang Suri; el presidente de la Uni\u00f3n Internacional de Arquitectos (UIA), Jos\u00e9 Luis Cort\u00e9s, y la presidenta del CSCAE, Marta Vall-llossera<\/li>\n<li>M\u00e1s de 80 expertos\/as de referencia internacional participan en el Foro Internacional UIA 2022 \u201cAffordable Housing Activation: Removing Barriers\u201d, que se celebra los d\u00edas 18, 19 y 20 de mayo en el Gran Teatro Pr\u00edncipe P\u00edo y convertir\u00e1 Madrid en el epicentro del debate global en torno al acceso a la vivienda<\/li>\n<li>El Foro Internacional UIA 2022 genera un marco de trabajo colaborativo e innovador que activa en su plataforma digital (ahamadrid.com) contenidos vinculados con la vivienda promovidos por actores a nivel internacional<\/li>\n<\/ul>\n<p><strong>Madrid, 18 de mayo de 2022.<\/strong> Raquel S\u00e1nchez, ministra de Transportes, Movilidad y Agenda Urbana ha inaugurado esta ma\u00f1ana el Foro Internacional UIA 2022 Affordable Housing Activation: Removing Barriers en el Gran Teatro Pr\u00edncipe P\u00edo de Madrid, donde, desde hoy y hasta el viernes, se celebra el mayor debate global en torno a la accesibilidad a la vivienda.<\/p>\n<p>En su intervenci\u00f3n ha afirmado: \u201cLas aportaciones de todos los que est\u00e1is aqu\u00ed hoy, expertos internacionales de distintos \u00e1mbitos, van a ser de una valios\u00edsima ayuda en el objetivo de mejorar el acceso a la vivienda. No basta con enunciar la vivienda como un derecho, sino que adem\u00e1s nos corresponde a los poderes p\u00fablicos asegurar su objetivo\u201d. La ministra ha concluido se\u00f1alando la necesidad de la colaboraci\u00f3n p\u00fablico-privada para asegurar este derecho: \u201cVamos a escuchar y aprovechar las conclusiones del Foro Internacional UIA 2022 Affordable Housing Activation: Removing Barriers para derribar esas barreras que estoy segura de que vamos a superar\u201d.<\/p>\n<p>El Foro Internacional UIA 2022 \u201caterriza\u201d en Madrid despu\u00e9s de m\u00e1s de una treintena de eventos paralelos celebrados en los cinco continentes. El acto ha contado tambi\u00e9n con la presencia del alcalde de Madrid, Jos\u00e9 Luis Mart\u00ednez-Almeida; la Consejera de Medio Ambiente, Ordenaci\u00f3n del Territorio y Sostenibilidad de la Comunidad de Madrid, Paloma Mart\u00edn; la responsable de la Subdivisi\u00f3n de Planificaci\u00f3n Urbana de ONU-Habitat, Shipra Narang Suri; el presidente de la Uni\u00f3n Internacional de Arquitectos (UIA), Jos\u00e9 Luis Cort\u00e9s, y la presidenta del CSCAE, Marta Vall-llossera.<\/p>\n<p>La presidenta del CSCAE, Marta Vall-llossera, que ha tenido palabras de reconocimiento para su predecesor en el cargo, Llu\u00eds Comer\u00f3n, como impulsor del foro, ha definido el problema del acceso a la vivienda como un reto global y ha afirmado: \u201cEl acceso a la vivienda se afianza como uno de los grandes retos del siglo XXI, Pero se ha convertido en un problema a escala global. Un amplio consejo ha definido el problema, con esas seis barreras que van a ir definiendo todo el programa que se va a desarrollar estos d\u00edas, con un innegable aporte al desarrollo sostenible de las ciudades. Vamos a establecer una hoja de ruta que nos va a servir de gu\u00eda para la acci\u00f3n en los pr\u00f3ximos a\u00f1os\u201d.<\/p>\n<p>Por su parte, el alcalde de Madrid, Jos\u00e9 Luis Mart\u00ednez-Almeida ha incidido en que \u201cel siglo XXI es el siglo de las ciudades\u201d y \u201cla vivienda es un derecho que dota de sentido la vida de los ciudadanos, por lo que los ayuntamientos tienen que hacer efectivo el derecho del acceso de los ciudadanos a una vivienda digna\u201d. En su intervenci\u00f3n, tambi\u00e9n ha subrayado la \u201cnecesidad de abordar el derecho a la vivienda mediante pol\u00edticas que fomenten el acceso a la vivienda, pero tambi\u00e9n focalizarse en proyectos de rehabilitaci\u00f3n, donde la colaboraci\u00f3n p\u00fablico-privada es fundamental\u201d.<\/p>\n<p>Jos\u00e9 Luis Cort\u00e9s, presidente de la UIA, ha hecho hincapi\u00e9 en la necesidad de \u201cla colaboraci\u00f3n entre todos los profesionales\u201d y ha destacado el papel de los arquitectos \u201ccon el fin de dar soluciones globales a la problem\u00e1tica del acceso a la vivienda\u201d.<\/p>\n<p>Por \u00faltimo, Shipra Narang Suri, responsable de la Subdivisi\u00f3n de Planificaci\u00f3n Urbana de ONU-Habitat, ha denunciado la mala planificaci\u00f3n urban\u00edstica existente en muchos lugares del mundo y ha recalcado: \u201cUn factor clave es mejorar la gesti\u00f3n del mercado de la tierra, sobre todo en zonas urbanas donde hay m\u00e1s demanda que oferta y donde los planes urbanos no est\u00e1n bien planificados\u201d.<\/p>\n<p><strong>Un movimiento din\u00e1mico y con amplio respaldo institucional en busca de una declaraci\u00f3n multilateral<\/strong><\/p>\n<p>El Foro UIA Affordable Housing Activation: Removing Barriers es un lugar de encuentro en el que m\u00e1s de 80 expertos de referencia internacional de la talla de Juan Verde, Richard Sennett, Saskia Sassen, Odile Deck, Ben van Berkel, Sara Topelson, Joan Clos, Paul Karakusevic, Lluis de Mello o Sergio Magalhaes, debatir\u00e1n m\u00e1s de para analizar y sintetizar propuestas concretas en torno a las 6 barreras identificadas para determinar el estado actual de la vivienda fin de avanzar hacia una Declaraci\u00f3n Multilateral y marcar las posibles l\u00edneas de actuaci\u00f3n a medio y largo plazo. Las barreras identificadas son: desajustes entre la producci\u00f3n y la demanda, pol\u00edticas y regulaciones, financiaci\u00f3n, dise\u00f1o, promoci\u00f3n y producci\u00f3n, propiedad y tenencia.<\/p>\n<p>El evento, organizado por la UIA, el CSCAE, el Ministerio de Transportes, Movilidad y Agenda Urbana, el Ayuntamiento de Madrid y el COAM, cuenta con el apoyo del Ministerio de Exteriores, Comunidad de Madrid y ONU-Habitat. El apoyo de la estructura profesional en Madrid est\u00e1 garantizado a trav\u00e9s del COAM y el del sector de la edificaci\u00f3n por el Observatorio 2030 del CSCAE, que re\u00fane a todos los agentes implicados en Espa\u00f1a en el dise\u00f1o de las ciudades.<\/p>\n<p>Adem\u00e1s, el Foro cuenta con la colaboraci\u00f3n de socios para la coordinaci\u00f3n y elaboraci\u00f3n de propuestas de alianzas como Urban Land Institute, UNECE, World Bank, ONU-Habitat, la Uni\u00f3n Internacional de Arquitectos con sus 115 secciones miembro, la Rotman School of Management, la School of Cities, Housing Europe, MIT, Ayuntamiento de Viena, Fundaci\u00f3n Mies, la Fundaci\u00f3n ICO, WIRES, Madrid Nuevo Norte, Proyecto Valdecarros, COMPAC, ROCA y Asemas, entre otros actores.El apoyo de la estructura profesional en Madrid est\u00e1 garantizado a trav\u00e9s del COAM y el del sector de la edificaci\u00f3n por el Observatorio 2030 del CSCAE, que re\u00fane a todos los agentes implicados en Espa\u00f1a en el dise\u00f1o de las ciudades.<\/p>\n<p><strong>Sobre la Uni\u00f3n Internacional de Arquitectos (UIA)<\/strong><\/p>\n<p>La UIA surge como una federaci\u00f3n de organizaciones en Lausanne, Suiza, en 1948. Actualmente, cuenta con 104 secciones miembro, que representan a 115 pa\u00edses y a m\u00e1s de 1.500.000 de arquitectos\/as a nivel mundial, lo que la convierte en la organizaci\u00f3n internacional con mayor capacidad de influencia global en Arquitectura y una de las m\u00e1s influyentes en cuestiones urbanas, de dise\u00f1o o de patrimonio, vinculando toda su actividad y sus compromisos con las agendas internacionales y la sostenibilidad. Los foros UIA nacen para generar encuentros en torno a los grandes desaf\u00edos a los que tiene que hacer frente la profesi\u00f3n y para vincular la arquitectura con otras disciplinas y miradas en la resoluci\u00f3n de retos comunes. Para m\u00e1s informaci\u00f3n <a href=\"http:\/\/www.uia-architectes.org\" target=\"_blank\" rel=\"noopener\">www.uia-architectes.org<\/a><\/p>\n<p><strong>Sobre el CSCAE<\/strong><\/p>\n<p>Creado en 1931, el CSCAE es el organismo que re\u00fane a todos los colegios de arquitectos de Espa\u00f1a para la defensa de la Arquitectura y la consecuci\u00f3n de los fines de inter\u00e9s com\u00fan general. Representa a los colegios y a los m\u00e1s de 47.000 profesionales que ejercen la Arquitectura de forma colegiada en nuestro pa\u00eds ante las corporaciones p\u00fablicas y privadas y ante los organismos internacionales. Para m\u00e1s informaci\u00f3n <a href=\"http:\/\/www.cscae.com\" target=\"_blank\" rel=\"noopener\">www.cscae.com<\/a><\/p>\n<h2>CONTACTO PRENSA<\/h2>\n<p><strong>Hill &amp; Knowlton<\/strong><\/p>\n<p>Francesc Casas <a href=\"francesc.casas@hkstrategies.com\">francesc.casas@hkstrategies.com<\/a><\/p>\n<p><em>696452005<\/em><\/p>\n<p><strong>CSCAE<\/strong><\/p>\n<p><a href=\"comunicacion@cscae.com\">comunicacion@cscae.com<\/a><\/p>\n<p><a href=\"directoracomunicacion@CSCAE.com\">directoracomunicacion@CSCAE.com<\/a><\/p>\n<p>&nbsp;<\/p>\n<p><img loading=\"lazy\" class=\"alignnone size-full wp-image-9326\" src=\"https:\/\/affordablehousingactivation.org\/web\/app\/uploads\/2022\/05\/image001.png\" alt=\"\" width=\"139\" height=\"33\" title=\"\"><\/p>\n<p>&nbsp;<\/p>\n","protected":false},"excerpt":{"rendered":"<p>Raquel S\u00e1nchez: \u201cLa aportaci\u00f3n de todos los expertos que particip\u00e1is en el Foro Internacional UIA 2022 ser\u00e1 una valios\u00edsima ayuda para mejorar el acceso a la vivienda\u201d Al acto tambi\u00e9n [&hellip;]<\/p>\n","protected":false},"author":392,"featured_media":9329,"comment_status":"closed","ping_status":"closed","sticky":false,"template":"","format":"standard","meta":{"_price":"","_stock":"","_tribe_ticket_header":"","_tribe_default_ticket_provider":"","_tribe_ticket_capacity":"0","_ticket_start_date":"","_ticket_end_date":"","_tribe_ticket_show_description":"","_tribe_ticket_show_not_going":false,"_tribe_ticket_use_global_stock":"","_tribe_ticket_global_stock_level":"","_global_stock_mode":"","_global_stock_cap":"","_tribe_rsvp_for_event":"","_tribe_ticket_going_count":"","_tribe_ticket_not_going_count":"","_tribe_tickets_list":[],"_tribe_ticket_has_attendee_info_fields":false},"categories":[162],"tags":[],"barrera":[],"pais":[],"acf":[],"_links":{"self":[{"href":"https:\/\/affordablehousingactivation.org\/es\/wp-json\/wp\/v2\/posts\/9332"}],"collection":[{"href":"https:\/\/affordablehousingactivation.org\/es\/wp-json\/wp\/v2\/posts"}],"about":[{"href":"https:\/\/affordablehousingactivation.org\/es\/wp-json\/wp\/v2\/types\/post"}],"author":[{"embeddable":true,"href":"https:\/\/affordablehousingactivation.org\/es\/wp-json\/wp\/v2\/users\/392"}],"replies":[{"embeddable":true,"href":"https:\/\/affordablehousingactivation.org\/es\/wp-json\/wp\/v2\/comments?post=9332"}],"version-history":[{"count":0,"href":"https:\/\/affordablehousingactivation.org\/es\/wp-json\/wp\/v2\/posts\/9332\/revisions"}],"wp:featuredmedia":[{"embeddable":true,"href":"https:\/\/affordablehousingactivation.org\/es\/wp-json\/wp\/v2\/media\/9329"}],"wp:attachment":[{"href":"https:\/\/affordablehousingactivation.org\/es\/wp-json\/wp\/v2\/media?parent=9332"}],"wp:term":[{"taxonomy":"category","embeddable":true,"href":"https:\/\/affordablehousingactivation.org\/es\/wp-json\/wp\/v2\/categories?post=9332"},{"taxonomy":"post_tag","embeddable":true,"href":"https:\/\/affordablehousingactivation.org\/es\/wp-json\/wp\/v2\/tags?post=9332"},{"taxonomy":"barrera","embeddable":true,"href":"https:\/\/affordablehousingactivation.org\/es\/wp-json\/wp\/v2\/barrera?post=9332"},{"taxonomy":"pais","embeddable":true,"href":"https:\/\/affordablehousingactivation.org\/es\/wp-json\/wp\/v2\/pais?post=9332"}],"curies":[{"name":"wp","href":"https:\/\/api.w.org\/{rel}","templated":true}]}}