{"id":9388,"date":"2022-05-19T14:14:07","date_gmt":"2022-05-19T12:14:07","guid":{"rendered":"https:\/\/affordablehousingactivation.org\/en-la-segunda-jornada-del-foro-internacional-uia-2022-se-ha-debatido-sobre-las-barreras-relativas-a-la-financiacion-y-al-diseno-urbano\/"},"modified":"2022-05-19T14:14:07","modified_gmt":"2022-05-19T12:14:07","slug":"en-la-segunda-jornada-del-foro-internacional-uia-2022-se-ha-debatido-sobre-las-barreras-relativas-a-la-financiacion-y-al-diseno-urbano","status":"publish","type":"post","link":"https:\/\/affordablehousingactivation.org\/es\/en-la-segunda-jornada-del-foro-internacional-uia-2022-se-ha-debatido-sobre-las-barreras-relativas-a-la-financiacion-y-al-diseno-urbano\/","title":{"rendered":"En la segunda jornada del Foro Internacional UIA 2022 se ha debatido sobre las barreras relativas a la financiaci\u00f3n y al dise\u00f1o urbano"},"content":{"rendered":"<p style=\"text-align: left;\" align=\"center\">El director de Econom\u00eda de la OCDE: \u201cLos pa\u00edses est\u00e1n destinando un escaso 0,1% del PIB a vivienda, un 50% menos que hace 20 a\u00f1os\u201d<\/p>\n<ul>\n<li>Luiz de Mello ha subrayado la necesidad de aumentar la inversi\u00f3n eficiente para garantizar que las nuevas viviendas cumplan con los Objetivos de Desarrollo Sostenible de la ONU<\/li>\n<li>El viceconsejero de Vivienda de la Comunidad de Madrid, Jos\u00e9 Mar\u00eda Garc\u00eda, expone el Plan Vive como uno de los casos de \u00e9xito fruto de la colaboraci\u00f3n p\u00fablico-privada, que beneficiar\u00e1 a m\u00e1s de 13.000 personas y repercutir\u00e1 en la Comunidad con la creaci\u00f3n de m\u00e1s de 14.000 puestos de trabajo\u201d<\/li>\n<li>La presidenta del Consejo de Arquitectos de Europa ha demandado una \u201cmayor previsi\u00f3n contra la especulaci\u00f3n para poder ofrecer as\u00ed una vivienda asequible y de calidad\u201d<\/li>\n<li>A lo largo de la ma\u00f1ana y esta tarde se celebrar\u00e1n otras dos sesiones sobre dise\u00f1o urbano y sostenibilidad econ\u00f3mica, adem\u00e1s del programa \u201cAterrizaje 2030\u201d, con debates en el fuselaje de un avi\u00f3n<\/li>\n<\/ul>\n<p><strong>Madrid, 19 de mayo de 2022<\/strong>. La segunda jornada del Foro Internacional UIA 2022 \u201cAffordable Housing Activation: Removing Barriers\u201d ha comenzado con una<strong>\u00a0sesi\u00f3n en torno a las dificultades financieras\u00a0<\/strong>que impiden el acceso a una vivienda digna, adecuada y sostenible. Moderada por Luiz de Mello, director del Departamento de Econom\u00eda\u00a0<a name=\"x_x__Hlk103853517\"><\/a>de la Organizaci\u00f3n para la Cooperaci\u00f3n y el Desarrollo Econ\u00f3mico (OCDE), en ella han participado la directora de la Iniciativa Housing 2030, Elena Szolgayova; el presidente de la Junta de Compensaci\u00f3n Valdecarros, Luis Roca de Togores; Ruth Schagemann, presidenta del Consejo Europeo de Arquitectos (CAE), Julie Lawson, profesora del RMIT; y Andr\u00e9s Horcajada, CEO cofundador de TECTUM. Tras la intervenci\u00f3n de todos ellos, se han presentado los casos de \u00e9xito del Plan Vive Madrid e INFONAVIT M\u00e9xico.<\/p>\n<p>En esta conversaci\u00f3n, los ponentes han arrojado luz sobre cuestiones como el precio de la vivienda, la necesidad de equilibrarlo al nivel de los ingresos, del n\u00famero y de los intereses de las hipotecas, las tasas de pobreza o la necesidad de destinar m\u00e1s terreno a la construcci\u00f3n de viviendas. El director del Departamento de la OCDE,\u00a0<strong>Luiz de Mello<\/strong>, ha se\u00f1alado que \u201clos pa\u00edses de la Organizaci\u00f3n para la Cooperaci\u00f3n y el Desarrollo Econ\u00f3mico destinan un escaso 0,1% del PIB en vivienda. Esta cifra supone un 50% menos de lo que se destinaba hace 20 a\u00f1os, siendo entonces ya una cifra bastante baja\u201d. Mello ha subrayado, a su vez, la necesidad de aumentar la inversi\u00f3n eficiente para garantizar que las nuevas viviendas cumplan con los Objetivos de Desarrollo Sostenible.<\/p>\n<p>En relaci\u00f3n con la especulaci\u00f3n, la presidenta del Consejo Europeo de Arquitectos (CAE),\u00a0<strong>Ruth Schagemann<\/strong>, ha exigido una mayor previsi\u00f3n y ha se\u00f1alado que: \u201clas autoridades p\u00fablicas deben ponerse manos a la obra cuanto antes y comenzar a trabajar con las herramientas que ya est\u00e1n disponibles para promover propuestas de vivienda de calidad que repercutir\u00e1n directa e indirectamente en el bienestar de toda la sociedad\u201d.<\/p>\n<p>Por su parte,<strong>\u00a0Jos\u00e9 Mar\u00eda Garc\u00eda,\u00a0<\/strong>viceconsejero de Vivienda de la Comunidad de Madrid, ha presentado el Plan Vive, como caso de buenas pr\u00e1cticas, seleccionado por el comit\u00e9 de expertos del Foro Internacional UIA 2022. El Plan Vive es un proyecto de colaboraci\u00f3n p\u00fablico-privada a trav\u00e9s del cual se emiten concesiones de terreno p\u00fablico para la construcci\u00f3n de viviendas de alquiler con un dise\u00f1o innovador y un uso sostenible de los materiales. El viceconsejero ha se\u00f1alado que el Plan Vive \u201cbeneficiar\u00e1 a m\u00e1s de 13.000 personas y repercutir\u00e1 en la Comunidad con la creaci\u00f3n de m\u00e1s de 14.000 puestos de trabajo\u201d. Los arrendamientos son a 50 a\u00f1os y, una vez transcurridos, la Comunidad recupera la propiedad del suelo y de las viviendas.<\/p>\n<p>El presidente de la Junta de Compensaci\u00f3n Valdecarros,\u00a0<strong>Luis Roca de Togores<\/strong>\u00a0ha defendido: \u201cSi de verdad queremos asegurar el acceso a la vivienda asequible, deber\u00edamos conseguir una buena producci\u00f3n de terreno para construir\u201d. Al mismo tiempo, ha recalcado la necesidad de \u201ccrear subsidios para ayudar a los j\u00f3venes a acceder a los cr\u00e9ditos hipotecarios, ya que muy pocos disponen hoy en d\u00eda del dinero necesario para la entrada de un piso\u201d.<\/p>\n<p>A su vez,\u00a0<strong>Elena Szolgayova<\/strong>, copresidenta de la iniciativa Housing 2030, ha hablado sobre el gran desaf\u00edo de la rehabilitaci\u00f3n del parque existente: \u201cEn Eslovaquia, por ejemplo, la rehabilitaci\u00f3n ha sido posible gracias a que pudimos pedir pr\u00e9stamos \u00fanicos para un mismo edificio. Esto es algo clave para poder avanzar realmente en cuanto a la rehabilitaci\u00f3n del parque\u201d.<\/p>\n<p><strong>Ruth Schagemann<\/strong>, presidenta del Consejo Europeo de Arquitectos (CAE), reclama una \u201cmayor previsi\u00f3n contra la especulaci\u00f3n para poder ofrecer as\u00ed una vivienda asequible y de calidad. Las autoridades p\u00fablicas deben ponerse manos a la obra cuanto antes y comenzar a trabajar para promover propuestas de vivienda de calidad que repercutir\u00e1n directa e indirectamente en el bienestar de toda la sociedad\u201d, explica.<\/p>\n<p><strong>Andr\u00e9s Horcajada<\/strong>, CEO cofundador de TECTUM, subray\u00f3 que \u201cla sociedad reclama vivienda asequible, pero se tardan m\u00e1s de 14 meses en conseguir las licencias de construcci\u00f3n\u201d. \u201cNecesitamos acelerar estos procesos\u201d, ha demandado, ya que esto tambi\u00e9n afecta a la producci\u00f3n de vivienda asequible.<\/p>\n<p><strong>Barrera 4: dise\u00f1o y desarrollo urbano que dificultan el acceso a la vivienda<\/strong><\/p>\n<p>A continuaci\u00f3n, se celebrar\u00e1 una mesa redonda sobre la barrera 4,\u00a0<strong>Dise\u00f1o Urbano<\/strong>, moderada por la decana del IE School of Architecture and Design, Martha Thorne y que contar\u00e1 con la participaci\u00f3n del director general de Arquitectura y Agenda Urbana, I\u00f1aqui Carnicero; la fundadora de Studio Odile Decq, Odile Decq; o el cofundador de Karakusevic Carson Architects, Paul Karakusevic. Para finalizar la ma\u00f1ana, y tras la segunda mesa de debate, se presentar\u00e1n los casos de \u00e9xito de Reinventing Cities, Madrid Nuevo Norte y la New European Bauhaus.<\/p>\n<p>Sobre la cuarta barrera, los ponentes debatir\u00e1n sobre los distintos indicadores que dificultan el desarrollo del entorno urbano, como la accesibilidad a abastecimientos de saneamiento, energ\u00eda y telecomunicaciones; la accesibilidad al espacio p\u00fablico y entorno natural, as\u00ed como a servicios y dotaciones; o la contaminaci\u00f3n ac\u00fastica y del aire.<\/p>\n<p><strong>Barrera 5: sostenibilidad econ\u00f3mica<\/strong><\/p>\n<p>A mediod\u00eda, en el fuselaje del avi\u00f3n, tendr\u00e1 lugar la sesi\u00f3n de \u201cAterrizaje 2030\u201d sobre perspectivas del futuro de la vivienda y las ciudades, con la participaci\u00f3n de los expertos Patxi Mangado, del National Institute for Industrialization and Construction Robotics; Paco Sanch\u00eds, CEO de Compac; Luis Roca de Togores, presidente de la Junta de Compensaci\u00f3n de Valdecarros; y Chema Lapuerta, profesor y director del Master de Vivienda en la ETSAM.<\/p>\n<p>Por la tarde, de nuevo en el auditorio del gran teatro, dar\u00e1 comienzo una nueva mesa de debate en torno a la sostenibilidad econ\u00f3mica como factor clave en la garant\u00eda del acceso a la vivienda asequible. La conversaci\u00f3n estar\u00e1 presidida por Felipe Vera, experto en Vivienda y Desarrollo Urbano por la Universidad de Harvard, y contar\u00e1 con la intervenci\u00f3n de autoridades como Grzegorz Gajda, especialista en Urbanismo del Banco Europeo de Inversi\u00f3n; Eduard Mendiluce, CEO de Anticipa Real Estate; o Richard Sennet, miembro del Centro sobre Capitalismo y Sociedad de la Universidad de Columbia. Asimismo, se contar\u00e1 con la presencia de reconocidos arquitectos como Kunl\u00e9 Adeyemi, de NL\u00c9; y Richard Florida, de la Universidad de Toronto.<\/p>\n<p>Volviendo otra vez al fuselaje, la jornada finalizar\u00e1 con las AHA Talks, en las que arquitectos y soci\u00f3logos de gran prestigio internacional, como Richard Sennett, Francesca Cesa Bianchi o Ted Liebman, debatir\u00e1n sobre el futuro de la forma de habitar dentro del fuselaje de un avi\u00f3n, que se convierte en el espacio de reuni\u00f3n de \u201cAterrizaje 2030\u201d, una serie de sesiones de debate impulsadas por las asociaciones sin \u00e1nimo de lucro Redonda&amp;CO y OnCities2030.<\/p>\n","protected":false},"excerpt":{"rendered":"<p>El director de Econom\u00eda de la OCDE: \u201cLos pa\u00edses est\u00e1n destinando un escaso 0,1% del PIB a vivienda, un 50% menos que hace 20 a\u00f1os\u201d Luiz de Mello ha subrayado [&hellip;]<\/p>\n","protected":false},"author":392,"featured_media":9386,"comment_status":"closed","ping_status":"closed","sticky":false,"template":"","format":"standard","meta":{"_price":"","_stock":"","_tribe_ticket_header":"","_tribe_default_ticket_provider":"","_tribe_ticket_capacity":"0","_ticket_start_date":"","_ticket_end_date":"","_tribe_ticket_show_description":"","_tribe_ticket_show_not_going":false,"_tribe_ticket_use_global_stock":"","_tribe_ticket_global_stock_level":"","_global_stock_mode":"","_global_stock_cap":"","_tribe_rsvp_for_event":"","_tribe_ticket_going_count":"","_tribe_ticket_not_going_count":"","_tribe_tickets_list":[],"_tribe_ticket_has_attendee_info_fields":false},"categories":[162],"tags":[],"barrera":[],"pais":[],"acf":[],"_links":{"self":[{"href":"https:\/\/affordablehousingactivation.org\/es\/wp-json\/wp\/v2\/posts\/9388"}],"collection":[{"href":"https:\/\/affordablehousingactivation.org\/es\/wp-json\/wp\/v2\/posts"}],"about":[{"href":"https:\/\/affordablehousingactivation.org\/es\/wp-json\/wp\/v2\/types\/post"}],"author":[{"embeddable":true,"href":"https:\/\/affordablehousingactivation.org\/es\/wp-json\/wp\/v2\/users\/392"}],"replies":[{"embeddable":true,"href":"https:\/\/affordablehousingactivation.org\/es\/wp-json\/wp\/v2\/comments?post=9388"}],"version-history":[{"count":0,"href":"https:\/\/affordablehousingactivation.org\/es\/wp-json\/wp\/v2\/posts\/9388\/revisions"}],"wp:featuredmedia":[{"embeddable":true,"href":"https:\/\/affordablehousingactivation.org\/es\/wp-json\/wp\/v2\/media\/9386"}],"wp:attachment":[{"href":"https:\/\/affordablehousingactivation.org\/es\/wp-json\/wp\/v2\/media?parent=9388"}],"wp:term":[{"taxonomy":"category","embeddable":true,"href":"https:\/\/affordablehousingactivation.org\/es\/wp-json\/wp\/v2\/categories?post=9388"},{"taxonomy":"post_tag","embeddable":true,"href":"https:\/\/affordablehousingactivation.org\/es\/wp-json\/wp\/v2\/tags?post=9388"},{"taxonomy":"barrera","embeddable":true,"href":"https:\/\/affordablehousingactivation.org\/es\/wp-json\/wp\/v2\/barrera?post=9388"},{"taxonomy":"pais","embeddable":true,"href":"https:\/\/affordablehousingactivation.org\/es\/wp-json\/wp\/v2\/pais?post=9388"}],"curies":[{"name":"wp","href":"https:\/\/api.w.org\/{rel}","templated":true}]}}