{"id":9414,"date":"2022-05-20T16:09:49","date_gmt":"2022-05-20T14:09:49","guid":{"rendered":"https:\/\/affordablehousingactivation.org\/la-tenencia-la-produccion-de-vivienda-y-la-sostenibilidad-centran-el-debate-en-la-ultima-jornada-del-foro-internacional-uia-2022\/"},"modified":"2022-05-23T12:02:37","modified_gmt":"2022-05-23T10:02:37","slug":"la-tenencia-la-produccion-de-vivienda-y-la-sostenibilidad-centran-el-debate-en-la-ultima-jornada-del-foro-internacional-uia-2022","status":"publish","type":"post","link":"https:\/\/affordablehousingactivation.org\/es\/la-tenencia-la-produccion-de-vivienda-y-la-sostenibilidad-centran-el-debate-en-la-ultima-jornada-del-foro-internacional-uia-2022\/","title":{"rendered":"La tenencia, la producci\u00f3n de vivienda y la sostenibilidad centran el debate en la \u00faltima jornada del Foro Internacional UIA 2022"},"content":{"rendered":"<ul>\n<li>\u201cEl 80% de la poblaci\u00f3n mundial no tiene acceso a una vivienda digna\u201d, el vicepresidente de la UIA, Ishtiaque Zahir, advierte de la necesidad de tener en cuenta a grupos sociales como j\u00f3venes, refugiados o familias monoparentales en el acceso a una vivienda asequible<\/li>\n<li>Johann Baar, director de Vivienda Asequible y Tecnolog\u00eda en la Hilti Foundation, ha se\u00f1alado la microfinanciaci\u00f3n para las familias como parte fundamental de la mejora de la calidad de las viviendas<\/li>\n<li>Durante la jornada han cobrado especial importancia las dificultades que van a tener las pr\u00f3ximas generaciones para acceder a la vivienda y la necesidad de promover m\u00e1s viviendas sociales<\/li>\n<li>Por la tarde se celebra el debate sobre la barrera de la sostenibilidad que dificulta el acceso a la vivienda y el segundo AHA Talk en el fuselaje de un avi\u00f3n<\/li>\n<li>El acto de clausura estar\u00e1 protagonizado por Jos\u00e9 Luis Cort\u00e9s, presidente de la UIA; Marta Vall-llosera, presidenta del CSCAE; \u00c1ngela Baldellou, directora ejecutiva del Foro; Joan Clos, presidente del Consejo Asesor del Foro; y Pablo Olalquiaga, Decano del COAM;<\/li>\n<\/ul>\n<p><strong>Madrid, 20 de mayo de 2022<\/strong>. La tercera y \u00faltima jornada del Foro Internacional UIA 2022 \u201cAffordable Housing Activation: Removing Barriers\u201d ha abordado la <strong>\u2018Promoci\u00f3n y producci\u00f3n de la vivienda\u2019<\/strong>. Moderada por Ishtiaque Zahir Titas, vicepresidente de la Uni\u00f3n Internacional de Arquitectos (UIA), en ella han participado como ponente S\u00e9rgio Magalhaes, ex secretario de Estado de Vivienda de R\u00edo de Janeiro; el director del \u00e1rea de Vivienda de Hilti Foundation, Johann Baar; Reinhaard Goethert, representante del Instituto Tecnol\u00f3gico de Massachussets (MIT); G\u00fcldehan Atay, de la Mimar Sinan Fine Arts University; Jos\u00e9 Mar\u00eda Lapuerta, fundador y co-director del M\u00e1ster de Vivienda Colectiva; y Mona Rady, presidenta del Foro H\u00e1bitat Profesional. Los casos de \u00e9xito que se ejemplificar\u00e1n ser\u00e1n el de Tailandia y el de Viena.<\/p>\n<p><strong>Ishtiaque Zahir, vicepresidente de la Uni\u00f3n Internacional de Arquitectos (UIA)<\/strong>, ha iniciado su intervenci\u00f3n subrayando que \u201cla vivienda asequible siempre se concibe como para gente de pocos recursos, pero tenemos que mirar m\u00e1s all\u00e1: j\u00f3venes, refugiados, familias monoparentales\u2026 el 80% de la poblaci\u00f3n mundial no tiene acceso a la vivienda asequible y la situaci\u00f3n de pandemia solo ha exacerbado esta situaci\u00f3n\u201d.<\/p>\n<p><strong>Johann Baar, director de Vivienda Asequible y Tecnolog\u00eda en la Hilti Foundation<\/strong>, ha se\u00f1alado como parte fundamental de la mejora de la calidad de las viviendas la microfinanciaci\u00f3n para las familias, as\u00ed como la necesidad de \u201cdespertar inter\u00e9s en estas por trabajar en mejorar las condiciones de sus viviendas, para lo cual los agentes deben garantizarles las cuatro A: accesibilidad, adaptabilidad, asequibilidad y aceptabilidad\u201d.<\/p>\n<p><strong>Reinhaard Goethert, profesor perteneciente al departamento de Arquitectura del MIT<\/strong>, ha defendido la coexistencia de los sistemas formal e informal, definiendo a este \u00faltimo como \u201cla espina dorsal de cualquier ciudad\u201d, y ha invitado a estudiarlo y tomar de \u00e9l las ideas que le han llevado al \u00e9xito que est\u00e1 experimentando actualmente. \u201cNos guste m\u00e1s o menos, el sistema informal va a seguir produciendo viviendas, y creo que tenemos que acogerlo positivamente y aprender de ellos. Tenemos que respetar lo que hacen\u201d.<\/p>\n<p><strong>Jos\u00e9 Mar\u00eda Lapuerta, fundador y codirector del m\u00e1ster en Vivienda Colectiva de la Universidad Polit\u00e9cnica de Madrid<\/strong>, ha reflexionado sobre la figura del promotor privado de aqu\u00ed en adelante, y ha defendido que este \u201cva a seguir existiendo, pero debe implicarse m\u00e1s y promover nuevas ideas y proyectos a la vez que ayudar a su gesti\u00f3n\u201d.<\/p>\n<p><strong>G\u00fcldehan Atay, de la Mimar Sinan Fine Arts University<\/strong>, ha intervenido pidiendo ampliar la visi\u00f3n del desaf\u00edo del acceso a la vivienda y trabajar tambi\u00e9n en garantizar un \u201ch\u00e1bitat de calidad\u201d. Adem\u00e1s, se ha referido a las cooperativas de vivienda como agentes con un \u201cpapel esencial tanto en el desarrollo como en la producci\u00f3n de la vivienda\u201d.<\/p>\n<p><strong>Sergio Magalhaes, ex secretario de Vivienda de la ciudad de R\u00edo de Janeiro<\/strong>, ha hecho hincapi\u00e9 en la necesidad de integrar a los guetos, com\u00fanmente conocidos en Brasil como \u2018favelas\u2019, en las ciudades, \u201cfavoreciendo la accesibilidad y conexiones diarias con el resto de los barrios\u201d. Las favelas, que representan un 14% de las viviendas del pa\u00eds, presentan el desaf\u00edo de ser incorporadas en el contexto de sus ciudades, ya que tradicionalmente han sido construidas por sus mismos habitantes y no cuentan con las condiciones de calidad necesarias.<\/p>\n<p>Tras el debate, se han expuesto los casos de \u00e9xito de Vienna Wohnfonds, de la mano de Nicole B\u00fcch y Silvia Hofer, de la Wohnfonds; y de Tailandia, presentado por Thipparat Noppaladarom, asesora del Baan Mankong Project.<\/p>\n<p><strong>El reto que plantea la propiedad y tenencia en el acceso a la vivienda<\/strong><\/p>\n<p>A continuaci\u00f3n, se ha celebrado una mesa redonda sobre la barrera 6, Propiedad y Tenencia de la vivienda, moderada por Margrit Hugentobler, del Instituto Federal Suizo de Tecnolog\u00eda (ETH); y que ha contado con la participaci\u00f3n de expertos como Sergio Nasarre, c\u00e1tedra UNESCO de Vivienda (Universidad Rovira i Virgili); Michelle Norris, directora del Geary Institute for Public Policy de la University College de Dubl\u00edn; Christoph Schmid, profesor de la Universidad de Bremen; Javier Mart\u00edn, director general de Vivienda y Suelo del Ministerio de Transporte, Movilidad y Agenda Urbana; Paloma Taltavull, del grupo de mercado inmobiliario de la UNECE; y Spela Videcnik, de OFIS Arquitectos. Asimismo, se han se\u00f1alado los casos de \u00e9xito de Places for People y de la isla de Mauricio.<\/p>\n<p><strong>En este punto, Michelle Norris, directora del Geary Institute for Public Policy de la University College de Dubl\u00edn<\/strong>, ha explicado las conclusiones del informe \u2018Housing\u2019 sobre la tenencia de la vivienda: \u201cHace falta un planteamiento sist\u00e9mico. Ver qu\u00e9 sistemas promueven el acceso a la vivienda y ver cu\u00e1les lo socaban. Tiene que haber un circuito cerrado de financiaci\u00f3n; el valor de los subsidios ha de retenerse a largo plazo y poder reciclarlos y, por \u00faltimo, oportunidades para extraer el valor minimizando los grandes beneficios. De esta manera, aumentar\u00edamos la abundancia de vivienda asequible y podr\u00edamos mantenerla en el tiempo\u201d.<\/p>\n<p>Por \u00faltimo, <strong>Javier Mart\u00edn<\/strong>, director general de Vivienda y Suelo del Ministerio de Transporte, Movilidad y Agenda Urbana ha remarcado que \u201ca veces parece que nos olvidamos de afrontar temas que, con una perspectiva m\u00e1s a largo plazo, deber\u00edamos estar abordando ya. No podemos seguir tratando la vivienda como hemos venido haciendo en los \u00faltimos a\u00f1os, y debemos de centrarnos en el territorio. Debemos de empezar a resistirnos a la creencia de que todos acabaremos viviendo en las grandes ciudades y desarrollar nuevos modelos de tenencia innovadores\u201d.<\/p>\n<p><strong>La sostenibilidad medioambiental<\/strong><\/p>\n<p>Este mediod\u00eda la jornada continuar\u00e1 con las AHA Talks, donde arquitectos y soci\u00f3logos de gran prestigio internacional, como Richard Sennett, Marcos Ros o Cheryl Durst debatir\u00e1n sobre el futuro de la forma de habitar dentro del fuselaje de un avi\u00f3n, que se convierte en el espacio de reuni\u00f3n de \u201cAterrizaje 2030\u201d, una serie de sesiones de debate impulsadas por las asociaciones sin \u00e1nimo de lucro Redonda&amp;CO y OnCities2030.<\/p>\n<p>Por la tarde, dar\u00e1 comienzo una nueva mesa de debate en torno a la problem\u00e1tica del acceso la vivienda desde un punto de vista medioambientalmente sostenible. La conversaci\u00f3n estar\u00e1 presidida por Carlos Sall\u00e9, experto internacional en transici\u00f3n energ\u00e9tica y sostenibilidad, y contar\u00e1 con la intervenci\u00f3n de autoridades como Carl Hensman, Senior Program Officer de Gates Foundation; Susana Diaz, directora de Sostenibilidad y Energ\u00eda de ARUP; Bruno Sauer, CEO de Green Building Spain; o Cassie Sutherland, directora del programa de energ\u00eda y edificios de C40. Los arquitectos invitados ser\u00e1n Francesca Cesa Bianchi y C\u00e9sar Ruiz Larrea.<\/p>\n<p><strong>Ceremonia de clausura<\/strong><\/p>\n<p>Tras la celebraci\u00f3n de la \u00faltima mesa de debate, la directora ejecutiva del Foro, \u00c1ngela Baldellou, comenzar\u00e1 la ceremonia de clausura haciendo balance de las tres jornadas de debate de este Foro Internacional UIA 2022 y repasando algunas de las propuestas debatidas para trabajar de una manera transversal en el acceso a una vivienda asequible para todos. Asimismo, intervendr\u00e1n el vicedecano del Colegio Oficial de Arquitectos de Madrid, Pablo Olalquiaga; el presidente del Comit\u00e9 del Programa del Foro AHA; la presidenta del Consejo Superior de los Colegios de Arquitectos de Espa\u00f1a, Marta Vall-llosera; y el presidente de la Uni\u00f3n Internacional de Arquitectos, Jos\u00e9 Luis Cort\u00e9s.<\/p>\n<p><strong>Sobre la Uni\u00f3n Internacional de Arquitectos (UIA)<\/strong><\/p>\n<p>La UIA surge como una federaci\u00f3n de organizaciones en Lausanne, Suiza, en 1948. Actualmente, cuenta con 104 secciones miembro, que representan a 115 pa\u00edses y a m\u00e1s de 1.500.000 de arquitectos\/as a nivel mundial, lo que la convierte en la organizaci\u00f3n internacional con mayor capacidad de influencia global en Arquitectura y una de las m\u00e1s influyentes en cuestiones urbanas, de dise\u00f1o o de patrimonio, vinculando toda su actividad y sus compromisos con las agendas internacionales y la sostenibilidad. Los foros UIA nacen para generar encuentros en torno a los grandes desaf\u00edos a los que tiene que hacer frente la profesi\u00f3n y para vincular la arquitectura con otras disciplinas y miradas en la resoluci\u00f3n de retos comunes. Para m\u00e1s informaci\u00f3n <a href=\"http:\/\/www.uia-architectes.org\" target=\"_blank\" rel=\"noopener\">www.uia-architectes.org<\/a><\/p>\n<p><strong>Sobre el CSCAE<\/strong><\/p>\n<p>Creado en 1931, el CSCAE es el organismo que re\u00fane a todos los colegios de arquitectos de Espa\u00f1a para la defensa de la Arquitectura y la consecuci\u00f3n de los fines de inter\u00e9s com\u00fan general. Representa a los<\/p>\n<p>colegios y a los m\u00e1s de 47.000 profesionales que ejercen la Arquitectura de forma colegiada en nuestro pa\u00eds ante las corporaciones p\u00fablicas y privadas y ante los organismos internacionales. Para m\u00e1s informaci\u00f3n <a href=\"http:\/\/www.cscae.com\" target=\"_blank\" rel=\"noopener\">www.cscae.com<\/a><\/p>\n<h2>CONTACTO PRENSA<\/h2>\n<p><strong>Hill &amp; Knowlton<\/strong><\/p>\n<p>Francesc Casas<\/p>\n<p><a href=\"francesc.casas@hkstrategies.com\">francesc.casas@hkstrategies.com<\/a><\/p>\n<p><em>696452005<\/em><\/p>\n<p><strong>CSCAE<\/strong><\/p>\n<p><a href=\"comunicacion@cscae.com\">comunicacion@cscae.com<\/a><\/p>\n<p><a href=\"directoracomunicacion@CSCAE.com\">directoracomunicacion@CSCAE.com<\/a><\/p>\n","protected":false},"excerpt":{"rendered":"<p>\u201cEl 80% de la poblaci\u00f3n mundial no tiene acceso a una vivienda digna\u201d, el vicepresidente de la UIA, Ishtiaque Zahir, advierte de la necesidad de tener en cuenta a grupos [&hellip;]<\/p>\n","protected":false},"author":392,"featured_media":9412,"comment_status":"closed","ping_status":"closed","sticky":false,"template":"","format":"standard","meta":{"_price":"","_stock":"","_tribe_ticket_header":"","_tribe_default_ticket_provider":"","_tribe_ticket_capacity":"0","_ticket_start_date":"","_ticket_end_date":"","_tribe_ticket_show_description":"","_tribe_ticket_show_not_going":false,"_tribe_ticket_use_global_stock":"","_tribe_ticket_global_stock_level":"","_global_stock_mode":"","_global_stock_cap":"","_tribe_rsvp_for_event":"","_tribe_ticket_going_count":"","_tribe_ticket_not_going_count":"","_tribe_tickets_list":[],"_tribe_ticket_has_attendee_info_fields":false},"categories":[162],"tags":[],"barrera":[],"pais":[],"acf":[],"_links":{"self":[{"href":"https:\/\/affordablehousingactivation.org\/es\/wp-json\/wp\/v2\/posts\/9414"}],"collection":[{"href":"https:\/\/affordablehousingactivation.org\/es\/wp-json\/wp\/v2\/posts"}],"about":[{"href":"https:\/\/affordablehousingactivation.org\/es\/wp-json\/wp\/v2\/types\/post"}],"author":[{"embeddable":true,"href":"https:\/\/affordablehousingactivation.org\/es\/wp-json\/wp\/v2\/users\/392"}],"replies":[{"embeddable":true,"href":"https:\/\/affordablehousingactivation.org\/es\/wp-json\/wp\/v2\/comments?post=9414"}],"version-history":[{"count":2,"href":"https:\/\/affordablehousingactivation.org\/es\/wp-json\/wp\/v2\/posts\/9414\/revisions"}],"predecessor-version":[{"id":9422,"href":"https:\/\/affordablehousingactivation.org\/es\/wp-json\/wp\/v2\/posts\/9414\/revisions\/9422"}],"wp:featuredmedia":[{"embeddable":true,"href":"https:\/\/affordablehousingactivation.org\/es\/wp-json\/wp\/v2\/media\/9412"}],"wp:attachment":[{"href":"https:\/\/affordablehousingactivation.org\/es\/wp-json\/wp\/v2\/media?parent=9414"}],"wp:term":[{"taxonomy":"category","embeddable":true,"href":"https:\/\/affordablehousingactivation.org\/es\/wp-json\/wp\/v2\/categories?post=9414"},{"taxonomy":"post_tag","embeddable":true,"href":"https:\/\/affordablehousingactivation.org\/es\/wp-json\/wp\/v2\/tags?post=9414"},{"taxonomy":"barrera","embeddable":true,"href":"https:\/\/affordablehousingactivation.org\/es\/wp-json\/wp\/v2\/barrera?post=9414"},{"taxonomy":"pais","embeddable":true,"href":"https:\/\/affordablehousingactivation.org\/es\/wp-json\/wp\/v2\/pais?post=9414"}],"curies":[{"name":"wp","href":"https:\/\/api.w.org\/{rel}","templated":true}]}}