{"id":9735,"date":"2022-06-28T11:05:07","date_gmt":"2022-06-28T09:05:07","guid":{"rendered":"https:\/\/affordablehousingactivation.org\/?p=9735"},"modified":"2022-06-29T17:51:09","modified_gmt":"2022-06-29T15:51:09","slug":"presentacion-de-la-declaracion-de-activacion-de-vivienda-asequible","status":"publish","type":"post","link":"https:\/\/affordablehousingactivation.org\/es\/presentacion-de-la-declaracion-de-activacion-de-vivienda-asequible\/","title":{"rendered":"Presentaci\u00f3n de la Declaraci\u00f3n de Activaci\u00f3n de Vivienda Asequible en el Foro Urbano Mundial en Katowice"},"content":{"rendered":"<p><span data-contrast=\"auto\">El jueves 30 de junio de 2022, en el Foro Urbano Mundial de Katowice, Polonia, se llevar\u00e1 a cabo la presentaci\u00f3n del documento final del <\/span>Foro Internacional UIA 2022 \u201cAffordable Housing Activation: Removing Barriers\u201d<span data-contrast=\"auto\">, realizado el pasado mes de mayo en Madrid, Espa\u00f1a.<\/span><span data-ccp-props=\"{&quot;335551550&quot;:6,&quot;335551620&quot;:6}\">\u00a0<\/span><\/p>\n<p>El evento tendr\u00e1 lugar en la Sala 14 del Sal\u00f3n Multiusos del ICC a partir de las 14 horas.<\/p>\n<p><span data-contrast=\"auto\">El objetivo principal de este evento es (re)posicionar la vivienda dentro del debate global contempor\u00e1neo sobre ciudades econ\u00f3micamente viables, ambiental y culturalmente sostenibles y socialmente inclusivas. Busca solidificar los objetivos establecidos con el <\/span>\u2018Foro Internacional UIA 2022\u2019<span data-contrast=\"auto\">: establecer puntos de referencia a largo plazo, fortalecer redes y alianzas globales, y obtener el m\u00e1ximo apoyo de organizaciones, gobiernos, entidades e instituciones hacia soluciones a los desaf\u00edos de asequibilidad de la vivienda, as\u00ed como promover sinergias que permitan desarrollar proyectos y estrategias integrales. El resultado esperado es un mayor intercambio de conocimientos, promoci\u00f3n generada y alianzas fortalecidas con partes interesadas globales relacionadas con la vivienda asequible.<\/span><span data-ccp-props=\"{&quot;335551550&quot;:6,&quot;335551620&quot;:6}\">\u00a0<\/span><\/p>\n<p>El acto est\u00e1 organizado conjuntamente por el Consejo Superior de los Colegios de Arquitectos de Espa\u00f1a (CSCAE) y OnCities 2030. Adem\u00e1s, contar\u00e1 con la participaci\u00f3n de Jos\u00e9 Luis Cort\u00e9s, presidente de la Uni\u00f3n Internacional de Arquitectos; Robert Lewis-Lettington, Jefe de la Secci\u00f3n de Tierras, Vivienda y Vivienda de ONU-H\u00e1bitat; y Ana Moreno, presidenta de OnCities2030.<\/p>\n<p>Por otro lado, la Directora del &#8216;Foro Internacional UIA 2022&#8217;, \u00c1ngela Baldellou, participa en este mismo foro en el <a href=\"https:\/\/www.cscae.com\/index.php\/conoce-cscae\/area-internacional51\/todas-las-noticias44\/7570-debate-sobre-la-situacion-en-ucrania-en-el-foro-urbano-mundial-en-katowice\" target=\"_blank\" rel=\"noopener\">Debate sobre la Situaci\u00f3n en Ucrania<\/a>, que tiene lugar el jueves 28.<\/p>\n","protected":false},"excerpt":{"rendered":"<p>El jueves 30 de junio de 2022, en el Foro Urbano Mundial de Katowice, Polonia, se llevar\u00e1 a cabo la presentaci\u00f3n del documento final del Foro Internacional UIA 2022 \u201cAffordable [&hellip;]<\/p>\n","protected":false},"author":392,"featured_media":9731,"comment_status":"closed","ping_status":"closed","sticky":false,"template":"","format":"standard","meta":{"_price":"","_stock":"","_tribe_ticket_header":"","_tribe_default_ticket_provider":"","_tribe_ticket_capacity":"0","_ticket_start_date":"","_ticket_end_date":"","_tribe_ticket_show_description":"","_tribe_ticket_show_not_going":false,"_tribe_ticket_use_global_stock":"","_tribe_ticket_global_stock_level":"","_global_stock_mode":"","_global_stock_cap":"","_tribe_rsvp_for_event":"","_tribe_ticket_going_count":"","_tribe_ticket_not_going_count":"","_tribe_tickets_list":[],"_tribe_ticket_has_attendee_info_fields":false},"categories":[162],"tags":[],"barrera":[],"pais":[],"acf":[],"_links":{"self":[{"href":"https:\/\/affordablehousingactivation.org\/es\/wp-json\/wp\/v2\/posts\/9735"}],"collection":[{"href":"https:\/\/affordablehousingactivation.org\/es\/wp-json\/wp\/v2\/posts"}],"about":[{"href":"https:\/\/affordablehousingactivation.org\/es\/wp-json\/wp\/v2\/types\/post"}],"author":[{"embeddable":true,"href":"https:\/\/affordablehousingactivation.org\/es\/wp-json\/wp\/v2\/users\/392"}],"replies":[{"embeddable":true,"href":"https:\/\/affordablehousingactivation.org\/es\/wp-json\/wp\/v2\/comments?post=9735"}],"version-history":[{"count":5,"href":"https:\/\/affordablehousingactivation.org\/es\/wp-json\/wp\/v2\/posts\/9735\/revisions"}],"predecessor-version":[{"id":9761,"href":"https:\/\/affordablehousingactivation.org\/es\/wp-json\/wp\/v2\/posts\/9735\/revisions\/9761"}],"wp:featuredmedia":[{"embeddable":true,"href":"https:\/\/affordablehousingactivation.org\/es\/wp-json\/wp\/v2\/media\/9731"}],"wp:attachment":[{"href":"https:\/\/affordablehousingactivation.org\/es\/wp-json\/wp\/v2\/media?parent=9735"}],"wp:term":[{"taxonomy":"category","embeddable":true,"href":"https:\/\/affordablehousingactivation.org\/es\/wp-json\/wp\/v2\/categories?post=9735"},{"taxonomy":"post_tag","embeddable":true,"href":"https:\/\/affordablehousingactivation.org\/es\/wp-json\/wp\/v2\/tags?post=9735"},{"taxonomy":"barrera","embeddable":true,"href":"https:\/\/affordablehousingactivation.org\/es\/wp-json\/wp\/v2\/barrera?post=9735"},{"taxonomy":"pais","embeddable":true,"href":"https:\/\/affordablehousingactivation.org\/es\/wp-json\/wp\/v2\/pais?post=9735"}],"curies":[{"name":"wp","href":"https:\/\/api.w.org\/{rel}","templated":true}]}}