{"id":9815,"date":"2022-10-27T12:54:17","date_gmt":"2022-10-27T10:54:17","guid":{"rendered":"https:\/\/affordablehousingactivation.org\/?p=9815"},"modified":"2022-12-05T12:55:43","modified_gmt":"2022-12-05T11:55:43","slug":"espana-pone-en-marcha-el-primer-atlas-global-de-la-vivienda","status":"publish","type":"post","link":"https:\/\/affordablehousingactivation.org\/es\/espana-pone-en-marcha-el-primer-atlas-global-de-la-vivienda\/","title":{"rendered":"Espa\u00f1a pone en marcha el primer atlas global de la vivienda"},"content":{"rendered":"<p style=\"font-weight: 400;\"><strong>Madrid, 27 de octubre de 2022.\u00a0<\/strong>Por primera vez, una plataforma de vivienda integrar\u00e1 todos los datos de housing que existen en el mundo, y la liderar\u00e1 Espa\u00f1a. Se trata de la web\u00a0<strong><a href=\"https:\/\/www.affordablehousingactivation.org\/\">www.affordablehousingactivation.org<\/a><\/strong>,\u00a0<strong>una iniciativa del Consejo Superior de los Colegios de Arquitectos de Espa\u00f1a (CSCAE) y el Ministerio de Transportes, Movilidad y Agenda Urbana<\/strong>\u00a0que a\u00fana datos de fuentes oficiales y de otras, hasta ahora, no \u201cnormalizadas\u201d y dispersas, como, por ejemplo, el World Bank, la Organizaci\u00f3n Mundial de la Salud (OMS), la Organizaci\u00f3n para la Cooperaci\u00f3n y el Desarrollo Econ\u00f3micos (OCDE) y el Fondo Monetario Internacional (FMI), para ofrecer una mirada intersectorial y a diferentes escalas sobre la realidad de la vivienda y abrir oportunidades para impulsar la colaboraci\u00f3n p\u00fablico-privada.<\/p>\n<p>Desarrollada por la consultora 300.000 Km\/s para el Foro Internacional UIA 2022\u00a0<em>Affordable Housing Activation: Removing Barriers<\/em>, la plataforma, que, a partir de ahora, tiene acceso libre y gratuito, amplifica su potencial con datos procedentes de iniciativas y estad\u00edsticas del Ministerio de Transportes, Movilidad y Agenda Urbana, como el Observatorio de Vivienda y Suelo, el Sistema Estatal de Referencia del Precio del Alquiler o los atlas de \u00c1reas Urbanas, entre otros. Adem\u00e1s de estas bases de datos, que ya son toda una referencia entre los agentes del sector de la edificaci\u00f3n y la investigaci\u00f3n, el atlas permitir\u00e1 aproximarse a la progresi\u00f3n de las iniciativas en materia de vivienda social y de ola de rehabilitaci\u00f3n y regeneraci\u00f3n urbana que prev\u00e9 el Plan de Recuperaci\u00f3n, Transformaci\u00f3n y Resiliencia y que nuestro pa\u00eds est\u00e1 impulsando con cargo a los fondos europeos\u00a0<em>Next Generation EU<\/em>. En concreto, el Componente 2 contempla que se movilicen hasta 6.820 millones de euros que posibilitar\u00e1n la realizaci\u00f3n de unas 510.000 actuaciones de rehabilitaci\u00f3n as\u00ed como la construcci\u00f3n de 20.000 viviendas en alquiler social hasta el segundo trimestre de 2026.<\/p>\n<p style=\"font-weight: 400;\">En la presentaci\u00f3n de la web, que tuvo lugar, ayer por la tarde, en la sede del Colegio Oficial de Arquitectos de Madrid (COAM), el secretario general de Agenda Urbana y Vivienda,\u00a0<strong>David Lucas<\/strong>, destac\u00f3 que este atlas brindar\u00e1 a Espa\u00f1a una posici\u00f3n de liderazgo, ya que nos permitir\u00e1 hacer un diagn\u00f3stico global de la situaci\u00f3n de la vivienda en el mundo y, adem\u00e1s, facilita una herramienta clave para el seguimiento de las diferentes iniciativas europeas e internacionales en materia de rehabilitaci\u00f3n y regeneraci\u00f3n urbana. \u201cCon herramientas como \u00e9sta, queremos seguir profundizando en la transparencia y la puesta a disposici\u00f3n de informaci\u00f3n en materia de vivienda y pol\u00edticas p\u00fablicas\u201d, se\u00f1al\u00f3 el secretario general. En este punto, manifest\u00f3 que la futura Ley por el derecho a la vivienda apuesta por asegurar y mejorar la informaci\u00f3n en diferentes \u00e1mbitos, como, por ejemplo, el de la vivienda p\u00fablica, estableciendo la obligaci\u00f3n de elaborar y mantener actualizado un inventario del parque p\u00fablico de vivienda. \u201cEl problema de la vivienda en Espa\u00f1a es may\u00fasculo. Se arrastra desde hace m\u00e1s de 40 a\u00f1os y para poder encontrar soluciones al problema necesitamos un ejercicio de colaboraci\u00f3n p\u00fablico-privada\u201d, defendi\u00f3.<\/p>\n<p style=\"font-weight: 400;\">Por su parte, la presidenta del CSCAE,<strong>\u00a0<\/strong><strong>Marta Vall-llossera,<\/strong>\u00a0se mostr\u00f3 satisfecha por que, por primera vez, un foro de la Uni\u00f3n Internacional de Arquitectos alumbra una herramienta con car\u00e1cter de permanencia que pretende ser \u00fatil y contribuir a mejorar la vida de las personas, y ha agradecido la implicaci\u00f3n del Ministerio de Transportes, Movilidad y Agenda Urbana en el proyecto. \u201cEl acceso a una vivienda digna, adecuada y asequible es un derecho que se ha convertido en un problema global. Tratar de encontrar soluciones es una responsabilidad colectiva. Por eso, el Foro Internacional UIA 2022 no pod\u00eda acabar el 20 de mayo. Necesitamos un compromiso decidido de todos los agentes implicados, desde las Administraciones P\u00fablicas a la iniciativa privada, el sector financiero y los profesionales, para que la asequibilidad de la vivienda sea real, alcanzando objetivos de sostenibilidad, regeneraci\u00f3n urbana y dignificaci\u00f3n de los ambientes degradados\u201d, subray\u00f3.<\/p>\n<p style=\"font-weight: 400;\">El primer atlas global de la vivienda aplica novedosas metodolog\u00edas de an\u00e1lisis espacial y visualizaci\u00f3n de<em>\u00a0<\/em><em>big data<\/em>\u00a0(datos masivos) para, entre otros objetivos, ayudar a las Administraciones P\u00fablicas a trazar pol\u00edticas de vivienda alineadas con los objetivos fijados por organismos internacionales y hacer un seguimiento de ellas, ya que permite visualizar y cruzar datos por pa\u00edses a partir de las seis barreras al acceso a una vivienda digna, adecuada y asequible identificadas en el foro internacional de vivienda asequible: desajustes, pol\u00edticas y regulaciones, financiaci\u00f3n, dise\u00f1o y desarrollo urbano, promoci\u00f3n y producci\u00f3n y propiedad y tenencia. La taxonom\u00eda que constituyen estas seis barreras permite hacer comparaciones y aplicar hojas de ruta en entornos con indicadores parecidos para avanzar hacia aquellos casos que sean ejemplares.<\/p>\n<p>Durante la demostraci\u00f3n del funcionamiento de la herramienta, el arquitecto Pablo Mart\u00ednez, cofundador de 300.000 Km\/s, explic\u00f3 que el atlas se sirve de m\u00e1s de 4.000 indicadores que se pueden consultar de forma simult\u00e1nea, \u00e1gil e inmediata a lo largo del tiempo, y filtrarlos a tres escalas: nacional, metropolitana y local. En concreto, permite analizar los procesos de urbanizaci\u00f3n de 13.134 regiones metropolitanas (66 de ellas localizadas en Espa\u00f1a) a lo largo de los \u00faltimos cincuenta a\u00f1os.<\/p>\n<p style=\"font-weight: 400;\"><strong>M\u00e1s de 400 casos de \u00e9xito georreferenciados<\/strong><br \/>\nComo plataforma de conocimiento que recoge todo el aprendizaje y los contenidos del Foro Internacional UIA 2022, la web\u00a0<a href=\"https:\/\/www.affordablehousingactivation.org\/\">www.affordablehousingactivation.org<\/a>\u00a0re\u00fane m\u00e1s de 400 buenas pr\u00e1cticas que ya est\u00e1n georreferenciadas en el atlas de vivienda y que ir\u00e1n aumentado gracias a la colaboraci\u00f3n de entidades, como la Asociaci\u00f3n Espa\u00f1ola de Gestores P\u00fablicos de Vivienda y Suelo (AVS) y la Asociaci\u00f3n de Promotores Constructores de Espa\u00f1a (APCEspa\u00f1a). En un di\u00e1logo posterior a la presentaci\u00f3n del atlas moderado por la directora del Observatorio 2030 del CSCAE,\u00a0<strong>\u00c1ngela Baldellou<\/strong>, los presidentes de ambos colectivos,\u00a0<strong>Mar\u00eda Montes<\/strong>\u00a0y\u00a0<strong>Juan Antonio G\u00f3mez-Pintado<\/strong>, respectivamente, se comprometieron a ello y coincidieron en la utilidad de esta herramienta. \u201cCuando nos comparamos con otros hay que saber de qu\u00e9 estamos hablando y todas aquellas herramientas que den rigor son bienvenidas\u201d, indic\u00f3 la presidenta de la AVS.<\/p>\n<p style=\"font-weight: 400;\">El presidente de APCEspa\u00f1a valor\u00f3 que el Foro Internacional UIA 2022 lograra poner de acuerdo a todos los agentes del sector -p\u00fablicos y privados- para articular un lenguaje com\u00fan, a partir de seis barreras que dificultan el acceso a una vivienda digna, adecuada y asequible, con el fin de avanzar en soluciones, y consider\u00f3 que el atlas global de vivienda \u201cpuede servir de palanca de cambio\u201d para contribuir a la toma de decisiones y a hacer proyecciones de vivienda para el futuro.<\/p>\n<p style=\"font-weight: 400;\">En esta l\u00ednea, el director general de Vivienda y Suelo,\u00a0<strong>Javier Mart\u00edn<\/strong>, insisti\u00f3 en que el atlas es \u201cuna oportunidad\u201d. \u201cA trav\u00e9s del Observatorio de Vivienda y Suelo y de otras estad\u00edsticas, el Ministerio ya contaba con datos a nivel nacional, pero faltaba la perspectiva internacional y, ahora que hay un clamor sobre la necesidad de la asequibilidad de la vivienda, lo primero y b\u00e1sico es saber de d\u00f3nde partimos comparativamente respecto a nuestro entorno. Y, para ello, hemos de compartir informaci\u00f3n y cruzarla\u201d, indic\u00f3.<\/p>\n<p style=\"font-weight: 400;\">Aunque la gesti\u00f3n directa de la vivienda corresponde a las comunidades aut\u00f3nomas, Mart\u00edn apunt\u00f3: \u201cEl Estado debe provocar foros y focalizar sobre aquello que nos permite tener una visi\u00f3n m\u00e1s transversal. Este tipo de herramientas favorecen la reflexi\u00f3n y el di\u00e1logo, y ayudan a poder medir c\u00f3mo evolucionan las diferentes perspectivas\u201d. En este sentido, estuvo de acuerdo con la presidenta de OnCities2030 en que \u201cel atlas debe tener el objetivo de bajar a lo micro: medir no solo la actividad de la rehabilitaci\u00f3n, sino en qu\u00e9 medida impacta en la vida de la gente\u201d.<\/p>\n<p style=\"font-weight: 400;\"><strong>Ana Moreno<\/strong>\u00a0valor\u00f3 la dimensi\u00f3n local del atlas; la relaci\u00f3n que establece entre vivienda, territorio y ciudad, que calific\u00f3 de \u201cclave\u201d, y resalt\u00f3 que el atlas ofrece a los investigadores una visualizaci\u00f3n de nuevas geograf\u00edas que permite, incluso, tener par\u00e1metros de aceleraci\u00f3n de procesos.<\/p>\n<p style=\"font-weight: 400;\"><strong>Foro Internacional UIA 2022<\/strong><br \/>\nEl Foro Internacional UIA 2022\u00a0<em>Affordable Housing Activation: Removing Barriers<\/em>\u00a0fue encuentro mundial coorganizado por el CSCAE, la Uni\u00f3n Internacional de Arquitectos (UIA), el Ministerio de Transportes, Movilidad y Agenda Urbana, el Ayuntamiento de Madrid y el Colegio Oficial de Arquitectos de Madrid (COAM), con el apoyo de ONU-H\u00e1bitat, el Ministerio de Exteriores y la Comunidad de Madrid, que, entre marzo y mayo de este a\u00f1o, moviliz\u00f3 a m\u00e1s de 7.500 profesionales de 125 pa\u00edses para analizar las barreras que dificultan o impiden el acceso a una vivienda digna, adecuada y asequible y aportar v\u00edas de soluci\u00f3n en el medio y largo plazo de acuerdo con las recomendaciones de la Agenda 2030 y la Nueva Agenda Urbana. De hecho, el foro concluy\u00f3 con un llamamiento a la acci\u00f3n para derribar las barreras.<\/p>\n","protected":false},"excerpt":{"rendered":"<p>Madrid, 27 de octubre de 2022.\u00a0Por primera vez, una plataforma de vivienda integrar\u00e1 todos los datos de housing que existen en el mundo, y la liderar\u00e1 Espa\u00f1a. Se trata de [&hellip;]<\/p>\n","protected":false},"author":1445,"featured_media":9812,"comment_status":"closed","ping_status":"closed","sticky":false,"template":"","format":"standard","meta":{"_price":"","_stock":"","_tribe_ticket_header":"","_tribe_default_ticket_provider":"","_tribe_ticket_capacity":"0","_ticket_start_date":"","_ticket_end_date":"","_tribe_ticket_show_description":"","_tribe_ticket_show_not_going":false,"_tribe_ticket_use_global_stock":"","_tribe_ticket_global_stock_level":"","_global_stock_mode":"","_global_stock_cap":"","_tribe_rsvp_for_event":"","_tribe_ticket_going_count":"","_tribe_ticket_not_going_count":"","_tribe_tickets_list":[],"_tribe_ticket_has_attendee_info_fields":false},"categories":[45],"tags":[],"barrera":[],"pais":[],"acf":[],"_links":{"self":[{"href":"https:\/\/affordablehousingactivation.org\/es\/wp-json\/wp\/v2\/posts\/9815"}],"collection":[{"href":"https:\/\/affordablehousingactivation.org\/es\/wp-json\/wp\/v2\/posts"}],"about":[{"href":"https:\/\/affordablehousingactivation.org\/es\/wp-json\/wp\/v2\/types\/post"}],"author":[{"embeddable":true,"href":"https:\/\/affordablehousingactivation.org\/es\/wp-json\/wp\/v2\/users\/1445"}],"replies":[{"embeddable":true,"href":"https:\/\/affordablehousingactivation.org\/es\/wp-json\/wp\/v2\/comments?post=9815"}],"version-history":[{"count":4,"href":"https:\/\/affordablehousingactivation.org\/es\/wp-json\/wp\/v2\/posts\/9815\/revisions"}],"predecessor-version":[{"id":9819,"href":"https:\/\/affordablehousingactivation.org\/es\/wp-json\/wp\/v2\/posts\/9815\/revisions\/9819"}],"wp:featuredmedia":[{"embeddable":true,"href":"https:\/\/affordablehousingactivation.org\/es\/wp-json\/wp\/v2\/media\/9812"}],"wp:attachment":[{"href":"https:\/\/affordablehousingactivation.org\/es\/wp-json\/wp\/v2\/media?parent=9815"}],"wp:term":[{"taxonomy":"category","embeddable":true,"href":"https:\/\/affordablehousingactivation.org\/es\/wp-json\/wp\/v2\/categories?post=9815"},{"taxonomy":"post_tag","embeddable":true,"href":"https:\/\/affordablehousingactivation.org\/es\/wp-json\/wp\/v2\/tags?post=9815"},{"taxonomy":"barrera","embeddable":true,"href":"https:\/\/affordablehousingactivation.org\/es\/wp-json\/wp\/v2\/barrera?post=9815"},{"taxonomy":"pais","embeddable":true,"href":"https:\/\/affordablehousingactivation.org\/es\/wp-json\/wp\/v2\/pais?post=9815"}],"curies":[{"name":"wp","href":"https:\/\/api.w.org\/{rel}","templated":true}]}}