{"id":9895,"date":"2023-05-11T13:22:38","date_gmt":"2023-05-11T11:22:38","guid":{"rendered":"https:\/\/affordablehousingactivation.org\/?p=9895"},"modified":"2023-05-11T13:31:44","modified_gmt":"2023-05-11T11:31:44","slug":"il-congreso-internacional-sobre-innovacion-y-sostenibilidad-en-la-vivienda-social","status":"publish","type":"post","link":"https:\/\/affordablehousingactivation.org\/es\/il-congreso-internacional-sobre-innovacion-y-sostenibilidad-en-la-vivienda-social\/","title":{"rendered":"Il Congreso Internacional sobre Innovaci\u00f3n y Sostenibilidad en la Vivienda Social"},"content":{"rendered":"<p>&nbsp;<\/p>\n<p><a href=\"https:\/\/www.congresoisvis2023.com\" target=\"_blank\" rel=\"noopener\">https:\/\/www.congresoisvis2023.com<\/a><\/p>\n<p>La Agencia de Vivienda y Rehabilitaci\u00f3n de Andaluc\u00eda celebrar\u00e1 el<strong> II Congreso Internacional sobre Innovaci\u00f3n y Sostenibilidad en la Vivienda Social (ISViS 2023)<\/strong>, con el fin de divulgar los trabajos para la mejora de la eficiencia energ\u00e9tica y la sostenibilidad que est\u00e1 realizando en su parque de viviendas, as\u00ed como con el objetivo de intercambiar experiencias, conocimientos y buenas pr\u00e1cticas con otras administraciones, empresas y profesionales en esta materia.<\/p>\n<p>Dicho congreso, siguiendo la estela trazada en la edici\u00f3n celebrada en 2021, busca reforzar el car\u00e1cter ejemplarizante de la administraci\u00f3n p\u00fablica, desde el desarrollo de iniciativas y la puesta en pr\u00e1ctica de acciones en materia de <strong>innovaci\u00f3n, sostenibilidad y mejora de la eficiencia energ\u00e9tica<\/strong>. A estas se suman el compromiso con la <strong>construcci\u00f3n industrializada<\/strong> y la <strong>prefabricaci\u00f3n<\/strong>, junto a la exigencia de la rehabilitaci\u00f3n como garante del mantenimiento de la habitabilidad y de la utilidad social a la que ha de darse respuesta sin afectaciones ambientales.<\/p>\n<p>Se pretende generar un \u00e1mbito de <strong>difusi\u00f3n y transferencia de conocimiento y experiencias<\/strong> dirigidas a un sector que se est\u00e1 caracterizando por la adquisici\u00f3n de nuevos compromisos y responsabilidades que est\u00e1n permitiendo virar hacia un escenario cada vez m\u00e1s sostenible. En dicho contexto, la <strong>administraci\u00f3n p\u00fablica es art\u00edfice destacado<\/strong>, desde la promoci\u00f3n del debate social y la difusi\u00f3n de los valores de la sostenibilidad en la ciudadan\u00eda. Pero tambi\u00e9n tiene un papel cardinal en la redefinici\u00f3n de objetivos, en el establecimiento de etapas de consecuci\u00f3n y en la gesti\u00f3n de los recursos e instrumentos precisos. De ah\u00ed que el congreso aspire a convertirse en un <strong>foro de impulso, intercambio y debate de iniciativas<\/strong>, todo ello cimentado en una clara apuesta por la <strong>profesionalizaci\u00f3n, capacitaci\u00f3n y modernizaci\u00f3n del sector de la Construcci\u00f3n.<\/strong><\/p>\n<p>En este sentido, la <strong>innovaci\u00f3n y sostenibilidad en la vivienda social, as\u00ed como en el tejido urbano<\/strong>, fundamentalmente en Andaluc\u00eda, constituye un reto para todos los sectores intervinientes. Por su propia naturaleza, as\u00ed como por el contexto social, econ\u00f3mico y climatol\u00f3gico, requiere la puesta en pr\u00e1ctica de estrategias espec\u00edficas, eficaces y sostenibles, tanto desde el punto de vista medioambiental como desde el uso y el mantenimiento, permitiendo a la par construir una econom\u00eda y una sociedad m\u00e1s resiliente.<\/p>\n<p>En definitiva este congreso, busca ser un foro de encuentro que favorezca la <strong>transferencia del conocimiento cient\u00edfico y t\u00e9cnico<\/strong>, por lo que se ha concebido de forma integral y multisectorial. De ah\u00ed que est\u00e9 dirigido a los sectores implicados en la construcci\u00f3n y gesti\u00f3n de viviendas, concretamente la administraci\u00f3n p\u00fablica y entes privados, los profesionales de la construcci\u00f3n, industria y tecnolog\u00eda, adem\u00e1s de a universidades y centros de investigaci\u00f3n.<\/p>\n","protected":false},"excerpt":{"rendered":"<p>&nbsp; https:\/\/www.congresoisvis2023.com La Agencia de Vivienda y Rehabilitaci\u00f3n de Andaluc\u00eda celebrar\u00e1 el II Congreso Internacional sobre Innovaci\u00f3n y Sostenibilidad en la Vivienda Social (ISViS 2023), con el fin de divulgar [&hellip;]<\/p>\n","protected":false},"author":1445,"featured_media":9897,"comment_status":"closed","ping_status":"closed","sticky":false,"template":"","format":"standard","meta":{"_price":"","_stock":"","_tribe_ticket_header":"","_tribe_default_ticket_provider":"","_tribe_ticket_capacity":"0","_ticket_start_date":"","_ticket_end_date":"","_tribe_ticket_show_description":"","_tribe_ticket_show_not_going":false,"_tribe_ticket_use_global_stock":"","_tribe_ticket_global_stock_level":"","_global_stock_mode":"","_global_stock_cap":"","_tribe_rsvp_for_event":"","_tribe_ticket_going_count":"","_tribe_ticket_not_going_count":"","_tribe_tickets_list":[],"_tribe_ticket_has_attendee_info_fields":false},"categories":[162],"tags":[],"barrera":[],"pais":[],"acf":[],"_links":{"self":[{"href":"https:\/\/affordablehousingactivation.org\/es\/wp-json\/wp\/v2\/posts\/9895"}],"collection":[{"href":"https:\/\/affordablehousingactivation.org\/es\/wp-json\/wp\/v2\/posts"}],"about":[{"href":"https:\/\/affordablehousingactivation.org\/es\/wp-json\/wp\/v2\/types\/post"}],"author":[{"embeddable":true,"href":"https:\/\/affordablehousingactivation.org\/es\/wp-json\/wp\/v2\/users\/1445"}],"replies":[{"embeddable":true,"href":"https:\/\/affordablehousingactivation.org\/es\/wp-json\/wp\/v2\/comments?post=9895"}],"version-history":[{"count":4,"href":"https:\/\/affordablehousingactivation.org\/es\/wp-json\/wp\/v2\/posts\/9895\/revisions"}],"predecessor-version":[{"id":9901,"href":"https:\/\/affordablehousingactivation.org\/es\/wp-json\/wp\/v2\/posts\/9895\/revisions\/9901"}],"wp:featuredmedia":[{"embeddable":true,"href":"https:\/\/affordablehousingactivation.org\/es\/wp-json\/wp\/v2\/media\/9897"}],"wp:attachment":[{"href":"https:\/\/affordablehousingactivation.org\/es\/wp-json\/wp\/v2\/media?parent=9895"}],"wp:term":[{"taxonomy":"category","embeddable":true,"href":"https:\/\/affordablehousingactivation.org\/es\/wp-json\/wp\/v2\/categories?post=9895"},{"taxonomy":"post_tag","embeddable":true,"href":"https:\/\/affordablehousingactivation.org\/es\/wp-json\/wp\/v2\/tags?post=9895"},{"taxonomy":"barrera","embeddable":true,"href":"https:\/\/affordablehousingactivation.org\/es\/wp-json\/wp\/v2\/barrera?post=9895"},{"taxonomy":"pais","embeddable":true,"href":"https:\/\/affordablehousingactivation.org\/es\/wp-json\/wp\/v2\/pais?post=9895"}],"curies":[{"name":"wp","href":"https:\/\/api.w.org\/{rel}","templated":true}]}}