{"id":9907,"date":"2023-06-05T14:30:27","date_gmt":"2023-06-05T12:30:27","guid":{"rendered":"https:\/\/affordablehousingactivation.org\/?p=9907"},"modified":"2023-06-05T14:30:27","modified_gmt":"2023-06-05T12:30:27","slug":"festival-internacional-de-la-vivienda-social-2023","status":"publish","type":"post","link":"https:\/\/affordablehousingactivation.org\/es\/festival-internacional-de-la-vivienda-social-2023\/","title":{"rendered":"FESTIVAL INTERNACIONAL DE LA VIVIENDA SOCIAL 2023"},"content":{"rendered":"<div class=\"elementor-element elementor-element-aa41912 elementor-widget elementor-widget-text-editor\" data-id=\"aa41912\" data-element_type=\"widget\" data-widget_type=\"text-editor.default\">\n<p><a href=\"https:\/\/socialhousingfestival.eu\/es\/\" target=\"_blank\" rel=\"noopener\">https:\/\/socialhousingfestival.eu\/es\/<\/a><\/p>\n<div class=\"elementor-widget-container\">\n<p>Aprender de las pol\u00edticas p\u00fablicas de vivienda y sus retos en sistemas de vivienda<br \/>\nmaduros y emergentes<\/p>\n<\/div>\n<\/div>\n<div class=\"elementor-element elementor-element-f7f7cc5 elementor-widget elementor-widget-text-editor\" data-id=\"f7f7cc5\" data-element_type=\"widget\" data-widget_type=\"text-editor.default\">\n<div class=\"elementor-widget-container\">\n<p>Aprender de las pol\u00edticas p\u00fablicas de vivienda y sus retos en sistemas de vivienda maduros y emergentes. Todos los pa\u00edses del mundo est\u00e1n resolviendo hoy un enigma en materia de vivienda. Aunque los retos urbanos de car\u00e1cter social, econ\u00f3mico y medioambiental pueden variar de un estado a otro, las grandes cuestiones son las mismas en todas partes.<\/p>\n<p>A primera vista, <strong>los sistemas de vivienda maduros y funcionales<\/strong>, con un estado del bienestar s\u00f3lido, pueden parecer m\u00e1s f\u00e1ciles de entender o de reformar. Basta con mirar dos veces para darse cuenta de que incluso las regiones y ciudades con una gran cantidad de viviendas sociales y asequibles deben reinventarse. Muchas est\u00e1n buscando los mejores mecanismos para ofrecer una vida digna dentro de unos l\u00edmites clim\u00e1ticos \u00e9ticos, esto es, rehabilitar al mismo tiempo que se incrementa el parque de viviendas; atender a una poblaci\u00f3n que envejece al mismo tiempo que se ponen al d\u00eda con las nuevas tecnolog\u00edas para facilitar el acceso a la vivienda a los j\u00f3venes; combatir la discriminaci\u00f3n y la segregaci\u00f3n; desafiar la expansi\u00f3n de las viviendas tur\u00edsticas en zonas atractivas de la ciudad\u2026 La lista es larga.<\/p>\n<p>Paralelamente, <strong>los sistemas de vivienda emergentes<\/strong>, o incluso incipientes, se preparan para dar un enorme salto de escala enfrent\u00e1ndose en su camino a retos tanto estructurales como emergentes. Aprender de los errores del pasado o de los \u00e9xitos de otros modelos con una actitud innovadora puede llevarlos muy lejos y proporcionar una nueva fuente de inspiraci\u00f3n a los sistemas de vivienda m\u00e1s maduros.<\/p>\n<p>Los factores externos, como la pandemia sanitaria mundial, las devastadoras invasiones b\u00e9licas y las crisis financieras, tambi\u00e9n han ido reconfigurando los sistemas de vivienda.<br \/>\nEn un contexto de creciente inestabilidad e incertidumbre, la reconfiguraci\u00f3n de los sistemas de vivienda para ser m\u00e1s igualitarios, ambientalmente sostenibles y resilientes se ha convertido en un imperativo moral.<\/p>\n<p>En este sentido, el sector p\u00fablico est\u00e1 llamado a desempe\u00f1ar un papel emprendedor en el desarrollo y preservaci\u00f3n de la vivienda asequible, en estrecha colaboraci\u00f3n con los proveedores de vivienda sin \u00e1nimo de lucro o con lucro limitado.<\/p>\n<\/div>\n<\/div>\n","protected":false},"excerpt":{"rendered":"<p>https:\/\/socialhousingfestival.eu\/es\/ Aprender de las pol\u00edticas p\u00fablicas de vivienda y sus retos en sistemas de vivienda maduros y emergentes Aprender de las pol\u00edticas p\u00fablicas de vivienda y sus retos en sistemas [&hellip;]<\/p>\n","protected":false},"author":1445,"featured_media":9908,"comment_status":"closed","ping_status":"closed","sticky":false,"template":"","format":"standard","meta":{"_price":"","_stock":"","_tribe_ticket_header":"","_tribe_default_ticket_provider":"","_tribe_ticket_capacity":"0","_ticket_start_date":"","_ticket_end_date":"","_tribe_ticket_show_description":"","_tribe_ticket_show_not_going":false,"_tribe_ticket_use_global_stock":"","_tribe_ticket_global_stock_level":"","_global_stock_mode":"","_global_stock_cap":"","_tribe_rsvp_for_event":"","_tribe_ticket_going_count":"","_tribe_ticket_not_going_count":"","_tribe_tickets_list":[],"_tribe_ticket_has_attendee_info_fields":false},"categories":[45],"tags":[],"barrera":[],"pais":[],"acf":[],"_links":{"self":[{"href":"https:\/\/affordablehousingactivation.org\/es\/wp-json\/wp\/v2\/posts\/9907"}],"collection":[{"href":"https:\/\/affordablehousingactivation.org\/es\/wp-json\/wp\/v2\/posts"}],"about":[{"href":"https:\/\/affordablehousingactivation.org\/es\/wp-json\/wp\/v2\/types\/post"}],"author":[{"embeddable":true,"href":"https:\/\/affordablehousingactivation.org\/es\/wp-json\/wp\/v2\/users\/1445"}],"replies":[{"embeddable":true,"href":"https:\/\/affordablehousingactivation.org\/es\/wp-json\/wp\/v2\/comments?post=9907"}],"version-history":[{"count":2,"href":"https:\/\/affordablehousingactivation.org\/es\/wp-json\/wp\/v2\/posts\/9907\/revisions"}],"predecessor-version":[{"id":9911,"href":"https:\/\/affordablehousingactivation.org\/es\/wp-json\/wp\/v2\/posts\/9907\/revisions\/9911"}],"wp:featuredmedia":[{"embeddable":true,"href":"https:\/\/affordablehousingactivation.org\/es\/wp-json\/wp\/v2\/media\/9908"}],"wp:attachment":[{"href":"https:\/\/affordablehousingactivation.org\/es\/wp-json\/wp\/v2\/media?parent=9907"}],"wp:term":[{"taxonomy":"category","embeddable":true,"href":"https:\/\/affordablehousingactivation.org\/es\/wp-json\/wp\/v2\/categories?post=9907"},{"taxonomy":"post_tag","embeddable":true,"href":"https:\/\/affordablehousingactivation.org\/es\/wp-json\/wp\/v2\/tags?post=9907"},{"taxonomy":"barrera","embeddable":true,"href":"https:\/\/affordablehousingactivation.org\/es\/wp-json\/wp\/v2\/barrera?post=9907"},{"taxonomy":"pais","embeddable":true,"href":"https:\/\/affordablehousingactivation.org\/es\/wp-json\/wp\/v2\/pais?post=9907"}],"curies":[{"name":"wp","href":"https:\/\/api.w.org\/{rel}","templated":true}]}}